{"id":78003,"date":"2025-03-13T06:13:13","date_gmt":"2025-03-13T12:13:13","guid":{"rendered":"https:\/\/elinformante.mx\/?p=78003"},"modified":"2025-03-13T06:13:17","modified_gmt":"2025-03-13T12:13:17","slug":"fortalece-delfina-gomez-al-imss-edomex-con-inversion-de-520-mdp","status":"publish","type":"post","link":"https:\/\/elinformante.mx\/?p=78003","title":{"rendered":"Fortalece Delfina G\u00f3mez al IMSS-Edom\u00e9x con inversi\u00f3n de 520 mdp"},"content":{"rendered":"\n<figure class=\"wp-block-pullquote\"><blockquote><p>Adem\u00e1s hizo entrega de 30 ambulancias, acompa\u00f1ada de Zo\u00e9 Robledo<\/p><\/blockquote><\/figure>\n\n\n\n<p class=\"has-drop-cap\">La Gobernadora Delfina G\u00f3mez \u00c1lvarez y el Director General del Instituto Mexicano del Seguro Social (IMSS), Zo\u00e9 Robledo Aburto, dieron el banderazo de salida a 30 nuevas ambulancias de traslado programado, que dar\u00e1n atenci\u00f3n a los derechohabientes que viven en la Zona Oriente del Estado de M\u00e9xico.<br><\/p>\n\n\n\n<p>En una primera etapa se ponen en marcha 30 de los 64 veh\u00edculos de traslado programado para derechohabientes; el resto de las ambulancias se pondr\u00e1n en circulaci\u00f3n el 28 de marzo.<br><\/p>\n\n\n\n<figure class=\"wp-block-image size-large\"><img fetchpriority=\"high\" decoding=\"async\" width=\"1024\" height=\"506\" src=\"https:\/\/elinformante.mx\/wp-content\/uploads\/2025\/03\/8entrega-2-2-1024x506.jpg\" alt=\"\" class=\"wp-image-78006\" srcset=\"https:\/\/elinformante.mx\/wp-content\/uploads\/2025\/03\/8entrega-2-2-1024x506.jpg 1024w, https:\/\/elinformante.mx\/wp-content\/uploads\/2025\/03\/8entrega-2-2-300x148.jpg 300w, https:\/\/elinformante.mx\/wp-content\/uploads\/2025\/03\/8entrega-2-2-768x379.jpg 768w, https:\/\/elinformante.mx\/wp-content\/uploads\/2025\/03\/8entrega-2-2.jpg 1140w\" sizes=\"(max-width: 1024px) 100vw, 1024px\" \/><\/figure>\n\n\n\n<p>En la explanada de la Unidad de Medicina Familiar (UMF) No. 75, ubicada en el municipio de Nezahualc\u00f3yotl, la Gobernadora Delfina G\u00f3mez \u00c1lvarez reconoci\u00f3 la labor del IMSS, en espacial esta acci\u00f3n que permitir\u00e1 que los pacientes sean referidos de manera segura y eficiente a los hospitales del Seguro Social.<br><\/p>\n\n\n\n<p>El titular del Seguro Social inform\u00f3 a la Gobernadora Delfina G\u00f3mez que a partir de abril y durante el ejercicio 2025, se invertir\u00e1n 520 millones de pesos para fortalecer la infraestructura m\u00e9dica del Estado de M\u00e9xico, de los cuales 300 millones se destinar\u00e1n para unidades de la Zona Oriente y 220 millones para el Poniente del estado.<br><\/p>\n\n\n\n<p>Detall\u00f3 que tambi\u00e9n se destinar\u00e1n recursos al mantenimiento de equipo m\u00e9dico y electromec\u00e1nico de esta entidad en las Casas de M\u00e1quinas, que ayudan al funcionamiento diario de las unidades m\u00e9dicas y hospitalarias<\/p>\n","protected":false},"excerpt":{"rendered":"<p>Adem\u00e1s hizo entrega de 30 ambulancias, acompa\u00f1ada de Zo\u00e9 Robledo La Gobernadora Delfina G\u00f3mez \u00c1lvarez y el Director General del Instituto Mexicano del Seguro Social (IMSS), Zo\u00e9 Robledo Aburto, dieron el banderazo de salida a 30 nuevas ambulancias de traslado programado, que dar\u00e1n atenci\u00f3n a los derechohabientes que viven en la Zona Oriente del Estado [&hellip;]<\/p>\n","protected":false},"author":1,"featured_media":78005,"comment_status":"closed","ping_status":"closed","sticky":false,"template":"","format":"standard","meta":{"footnotes":""},"categories":[30,36,31],"tags":[],"class_list":["post-78003","post","type-post","status-publish","format-standard","has-post-thumbnail","hentry","category-destacado","category-edomex","category-portada"],"_links":{"self":[{"href":"https:\/\/elinformante.mx\/index.php?rest_route=\/wp\/v2\/posts\/78003","targetHints":{"allow":["GET"]}}],"collection":[{"href":"https:\/\/elinformante.mx\/index.php?rest_route=\/wp\/v2\/posts"}],"about":[{"href":"https:\/\/elinformante.mx\/index.php?rest_route=\/wp\/v2\/types\/post"}],"author":[{"embeddable":true,"href":"https:\/\/elinformante.mx\/index.php?rest_route=\/wp\/v2\/users\/1"}],"replies":[{"embeddable":true,"href":"https:\/\/elinformante.mx\/index.php?rest_route=%2Fwp%2Fv2%2Fcomments&post=78003"}],"version-history":[{"count":0,"href":"https:\/\/elinformante.mx\/index.php?rest_route=\/wp\/v2\/posts\/78003\/revisions"}],"wp:featuredmedia":[{"embeddable":true,"href":"https:\/\/elinformante.mx\/index.php?rest_route=\/wp\/v2\/media\/78005"}],"wp:attachment":[{"href":"https:\/\/elinformante.mx\/index.php?rest_route=%2Fwp%2Fv2%2Fmedia&parent=78003"}],"wp:term":[{"taxonomy":"category","embeddable":true,"href":"https:\/\/elinformante.mx\/index.php?rest_route=%2Fwp%2Fv2%2Fcategories&post=78003"},{"taxonomy":"post_tag","embeddable":true,"href":"https:\/\/elinformante.mx\/index.php?rest_route=%2Fwp%2Fv2%2Ftags&post=78003"}],"curies":[{"name":"wp","href":"https:\/\/api.w.org\/{rel}","templated":true}]}}