{"id":78017,"date":"2025-03-13T06:25:12","date_gmt":"2025-03-13T12:25:12","guid":{"rendered":"https:\/\/elinformante.mx\/?p=78017"},"modified":"2025-03-13T06:25:23","modified_gmt":"2025-03-13T12:25:23","slug":"papalote-museo-del-nino-llevara-aprendizaje-y-recreacion-a-30-mil-personas-vulnerables","status":"publish","type":"post","link":"https:\/\/elinformante.mx\/?p=78017","title":{"rendered":"Papalote Museo del ni\u00f1o llevar\u00e1 aprendizaje y recreaci\u00f3n a 30 mil personas vulnerables"},"content":{"rendered":"\n<figure class=\"wp-block-pullquote\"><blockquote><p>Esta colaboraci\u00f3n contribuye para garantizar el acceso a la cultura y la recreaci\u00f3n a las poblaciones m\u00e1s vulnerables.<\/p><\/blockquote><\/figure>\n\n\n\n<p class=\"has-drop-cap\">El Papalote Museo del Ni\u00f1o y la Secretar\u00eda de Bienestar e Igualdad Social (SEBIEN), firmaron un convenio de colaboraci\u00f3n con el objetivo de fortalecer el acceso a actividades l\u00fadico-educativas para poblaciones en situaci\u00f3n de vulnerabilidad.<br><\/p>\n\n\n\n<p>El convenio, con una vigencia de 6 a\u00f1os, permitir\u00e1 que 5 mil ni\u00f1os, adolescentes y personas mayores inscritos en los programas de la SEBIEN disfruten de las instalaciones y actividades de Papalote Museo del Ni\u00f1o cada a\u00f1o, alcanzando un total de 30 mil beneficiarios durante la vigencia del acuerdo.<br><\/p>\n\n\n\n<p>\u201cEn Papalote Museo del Ni\u00f1o, creemos firmemente en el poder transformador del juego y el aprendizaje, este convenio nos permite llevar nuestra misi\u00f3n a quienes m\u00e1s lo necesitan, brind\u00e1ndoles experiencias enriquecedoras que impulsar\u00e1n su desarrollo y bienestar\u201d explic\u00f3, Alejandra Cervantes Mascare\u00f1o, Directora General de Papalote Museo del Ni\u00f1o.<br><\/p>\n\n\n\n<p>A trav\u00e9s de la SEBIEN se estan realizando diferentes acciones que brindan bienestar a las infancias, como la entrega de apoyos econ\u00f3micos con el Programa Social \u201cDesde la Cuna\u201d que beneficia a ni\u00f1as y ni\u00f1os de 0 a 3 a\u00f1os 10 meses, proporcion\u00e1ndoles mil 200 pesos bimestrales, pero tambi\u00e9n busca ofrecer espacios donde los menores tengan acceso a la recreaci\u00f3n para garantizarles un desarrollo integral.<br><\/p>\n\n\n\n<p>Es importante destacar que esta colaboraci\u00f3n contribuye para garantizar el acceso a la cultura y la recreaci\u00f3n a las poblaciones m\u00e1s vulnerables, logrando un impacto positivo en la vida de miles de personas, ofreci\u00e9ndoles oportunidades para aprender y divertirse con experiencias l\u00fadicas.<br><\/p>\n\n\n\n<p>El convenio establece que el Papalote Museo del Ni\u00f1o cubrir\u00e1 los gastos de transporte y alimentos de los beneficiarios que asistan a sus instalaciones y la SEBIEN garantizar\u00e1 que personas en situaci\u00f3n vulnerable sean part\u00edcipes del Programa.<\/p>\n","protected":false},"excerpt":{"rendered":"<p>Esta colaboraci\u00f3n contribuye para garantizar el acceso a la cultura y la recreaci\u00f3n a las poblaciones m\u00e1s vulnerables. El Papalote Museo del Ni\u00f1o y la Secretar\u00eda de Bienestar e Igualdad Social (SEBIEN), firmaron un convenio de colaboraci\u00f3n con el objetivo de fortalecer el acceso a actividades l\u00fadico-educativas para poblaciones en situaci\u00f3n de vulnerabilidad. El convenio, [&hellip;]<\/p>\n","protected":false},"author":1,"featured_media":78018,"comment_status":"closed","ping_status":"closed","sticky":false,"template":"","format":"standard","meta":{"footnotes":""},"categories":[35],"tags":[],"class_list":["post-78017","post","type-post","status-publish","format-standard","has-post-thumbnail","hentry","category-cdmx"],"_links":{"self":[{"href":"https:\/\/elinformante.mx\/index.php?rest_route=\/wp\/v2\/posts\/78017","targetHints":{"allow":["GET"]}}],"collection":[{"href":"https:\/\/elinformante.mx\/index.php?rest_route=\/wp\/v2\/posts"}],"about":[{"href":"https:\/\/elinformante.mx\/index.php?rest_route=\/wp\/v2\/types\/post"}],"author":[{"embeddable":true,"href":"https:\/\/elinformante.mx\/index.php?rest_route=\/wp\/v2\/users\/1"}],"replies":[{"embeddable":true,"href":"https:\/\/elinformante.mx\/index.php?rest_route=%2Fwp%2Fv2%2Fcomments&post=78017"}],"version-history":[{"count":0,"href":"https:\/\/elinformante.mx\/index.php?rest_route=\/wp\/v2\/posts\/78017\/revisions"}],"wp:featuredmedia":[{"embeddable":true,"href":"https:\/\/elinformante.mx\/index.php?rest_route=\/wp\/v2\/media\/78018"}],"wp:attachment":[{"href":"https:\/\/elinformante.mx\/index.php?rest_route=%2Fwp%2Fv2%2Fmedia&parent=78017"}],"wp:term":[{"taxonomy":"category","embeddable":true,"href":"https:\/\/elinformante.mx\/index.php?rest_route=%2Fwp%2Fv2%2Fcategories&post=78017"},{"taxonomy":"post_tag","embeddable":true,"href":"https:\/\/elinformante.mx\/index.php?rest_route=%2Fwp%2Fv2%2Ftags&post=78017"}],"curies":[{"name":"wp","href":"https:\/\/api.w.org\/{rel}","templated":true}]}}