{"id":78026,"date":"2025-03-13T06:30:32","date_gmt":"2025-03-13T12:30:32","guid":{"rendered":"https:\/\/elinformante.mx\/?p=78026"},"modified":"2025-03-13T06:30:36","modified_gmt":"2025-03-13T12:30:36","slug":"firman-clara-brugada-y-rector-de-la-unam-convenio-en-materia-de-educacion","status":"publish","type":"post","link":"https:\/\/elinformante.mx\/?p=78026","title":{"rendered":"Firman Clara Brugada y rector de la UNAM convenio en materia de educaci\u00f3n"},"content":{"rendered":"\n<figure class=\"wp-block-pullquote\"><blockquote><p>El convenio implicar\u00e1 la conformaci\u00f3n de equipos interdisciplinarios para abordar los grandes desaf\u00edos de la ciudad<\/p><\/blockquote><\/figure>\n\n\n\n<p class=\"has-drop-cap\">La jefa de Gobierno de la Ciudad de M\u00e9xico, Clara Brugada Molina, firm\u00f3 con el rector de la Universidad Nacional Aut\u00f3noma de M\u00e9xico (UNAM), Leonardo Lomel\u00ed Vanegas, un convenio de colaboraci\u00f3n con el objetivo de trabajar en la investigaci\u00f3n conjunta y la formaci\u00f3n de equipos interdisciplinarios para abordar los grandes desaf\u00edos de la ciudad.<br><\/p>\n\n\n\n<p>La mandataria capitalina se\u00f1al\u00f3 que para enfrentar los desaf\u00edos se necesita ciencia, conocimiento y una comunidad comprometida con la soluci\u00f3n de los problemas.<br><\/p>\n\n\n\n<p>Reunidos en las instalaciones de la Rector\u00eda de la m\u00e1xima casa de estudios, Brugada Molina expuso que el prop\u00f3sito es renovar el compromiso del Gobierno de la Ciudad con el conocimiento, la innovaci\u00f3n y el bienestar para los habitantes de la ciudad.<br><\/p>\n\n\n\n<p>Resalt\u00f3 que a su gobierno le interesa profundizar con la UNAM materias que lleven a consolidar una ciudad del bienestar, de los cuidados, de las mujeres; con gobierno honesto, transparente y cero corrupci\u00f3n, y que sea una ciudad segura, libre de violencia y en paz, as\u00ed como una ciudad con m\u00e1s prevenci\u00f3n y m\u00e1s salud.<br><\/p>\n\n\n\n<p>Tambi\u00e9n que sean acciones que lleven a una ciudad con acceso universal y equitativo al agua; con suelo y vivienda accesible y adecuada; educadora para todas y todos; con movilidad integrada y sustentable; preparada frente al cambio clim\u00e1tico; pr\u00f3spera, con econom\u00eda a favor de la gente; disfrutable, con espacio p\u00fablico de calidad, y ser una ciudad cultural, creadora y art\u00edstica.<br><\/p>\n\n\n\n<figure class=\"wp-block-image size-large\"><img fetchpriority=\"high\" decoding=\"async\" width=\"1024\" height=\"506\" src=\"https:\/\/elinformante.mx\/wp-content\/uploads\/2025\/03\/5clara-3-1024x506.jpeg\" alt=\"\" class=\"wp-image-78028\" srcset=\"https:\/\/elinformante.mx\/wp-content\/uploads\/2025\/03\/5clara-3-1024x506.jpeg 1024w, https:\/\/elinformante.mx\/wp-content\/uploads\/2025\/03\/5clara-3-300x148.jpeg 300w, https:\/\/elinformante.mx\/wp-content\/uploads\/2025\/03\/5clara-3-768x379.jpeg 768w, https:\/\/elinformante.mx\/wp-content\/uploads\/2025\/03\/5clara-3.jpeg 1140w\" sizes=\"(max-width: 1024px) 100vw, 1024px\" \/><\/figure>\n\n\n\n<p>Ante funcionarios del gabinete y autoridades universitarias, la titular del Ejecutivo local record\u00f3 que hist\u00f3ricamente la UNAM y los gobiernos de la ciudad han trabajado juntos, y que con este convenio se ratifica continuar haci\u00e9ndolo.<br><\/p>\n\n\n\n<p>Al tomar la palabra, el rector de la UNAM, Leonardo Lomel\u00ed Vanegas, afirm\u00f3 que a trav\u00e9s de la firma de este convenio de colaboraci\u00f3n se refrenda el compromiso de la universidad para fortalecer y conservar el patrimonio hist\u00f3rico y cultural de la capital, as\u00ed como para impulsar \u2013principalmente\u2013 la educaci\u00f3n, el bienestar social, la seguridad y la sustentabilidad del agua.<br><\/p>\n\n\n\n<p>Lomel\u00ed Vanegas indic\u00f3 que se instalar\u00e1n varios grupos de trabajo para la firma de convenios espec\u00edficos que permitan concretar \u201cestas acciones en el muy corto plazo\u201d, en temas como calidad de aire, movilidad, preservaci\u00f3n de la memoria hist\u00f3rica de pueblos originarios y en las celebraciones de los 700 a\u00f1os de la fundaci\u00f3n de M\u00e9xico-Tenochtitlan, entre otros temas.<br><\/p>\n\n\n\n<p>El abogado general de la UNAM, Hugo Concha Cant\u00fa, asegur\u00f3 que la firma de este acuerdo simboliza la voluntad de ambas instituciones para trabajar juntas y ser\u00e1 el punto de partida para crear convenios espec\u00edficos de colaboraci\u00f3n.<br><\/p>\n\n\n\n<p>Concha Cant\u00fa agreg\u00f3 que tambi\u00e9n se crea una comisi\u00f3n t\u00e9cnica coordinada por el secretario de Educaci\u00f3n, Ciencia, Tecnolog\u00eda e Innovaci\u00f3n de la Ciudad de M\u00e9xico, Pablo Yanes Rizo, y por el coordinador de Planeaci\u00f3n, Evaluaci\u00f3n y Simplificaci\u00f3n de la Gesti\u00f3n Institucional de la UNAM, Enrique del Val Blanco.<\/p>\n","protected":false},"excerpt":{"rendered":"<p>El convenio implicar\u00e1 la conformaci\u00f3n de equipos interdisciplinarios para abordar los grandes desaf\u00edos de la ciudad La jefa de Gobierno de la Ciudad de M\u00e9xico, Clara Brugada Molina, firm\u00f3 con el rector de la Universidad Nacional Aut\u00f3noma de M\u00e9xico (UNAM), Leonardo Lomel\u00ed Vanegas, un convenio de colaboraci\u00f3n con el objetivo de trabajar en la investigaci\u00f3n [&hellip;]<\/p>\n","protected":false},"author":1,"featured_media":78027,"comment_status":"closed","ping_status":"closed","sticky":false,"template":"","format":"standard","meta":{"footnotes":""},"categories":[35,30],"tags":[],"class_list":["post-78026","post","type-post","status-publish","format-standard","has-post-thumbnail","hentry","category-cdmx","category-destacado"],"_links":{"self":[{"href":"https:\/\/elinformante.mx\/index.php?rest_route=\/wp\/v2\/posts\/78026","targetHints":{"allow":["GET"]}}],"collection":[{"href":"https:\/\/elinformante.mx\/index.php?rest_route=\/wp\/v2\/posts"}],"about":[{"href":"https:\/\/elinformante.mx\/index.php?rest_route=\/wp\/v2\/types\/post"}],"author":[{"embeddable":true,"href":"https:\/\/elinformante.mx\/index.php?rest_route=\/wp\/v2\/users\/1"}],"replies":[{"embeddable":true,"href":"https:\/\/elinformante.mx\/index.php?rest_route=%2Fwp%2Fv2%2Fcomments&post=78026"}],"version-history":[{"count":0,"href":"https:\/\/elinformante.mx\/index.php?rest_route=\/wp\/v2\/posts\/78026\/revisions"}],"wp:featuredmedia":[{"embeddable":true,"href":"https:\/\/elinformante.mx\/index.php?rest_route=\/wp\/v2\/media\/78027"}],"wp:attachment":[{"href":"https:\/\/elinformante.mx\/index.php?rest_route=%2Fwp%2Fv2%2Fmedia&parent=78026"}],"wp:term":[{"taxonomy":"category","embeddable":true,"href":"https:\/\/elinformante.mx\/index.php?rest_route=%2Fwp%2Fv2%2Fcategories&post=78026"},{"taxonomy":"post_tag","embeddable":true,"href":"https:\/\/elinformante.mx\/index.php?rest_route=%2Fwp%2Fv2%2Ftags&post=78026"}],"curies":[{"name":"wp","href":"https:\/\/api.w.org\/{rel}","templated":true}]}}