{"id":78033,"date":"2025-03-13T06:40:19","date_gmt":"2025-03-13T12:40:19","guid":{"rendered":"https:\/\/elinformante.mx\/?p=78033"},"modified":"2025-03-13T06:40:22","modified_gmt":"2025-03-13T12:40:22","slug":"mara-lezama-arranca-el-programa-rescate-limpieza-y-dignificacion-de-espacios-publicos-en-chetumal","status":"publish","type":"post","link":"https:\/\/elinformante.mx\/?p=78033","title":{"rendered":"Mara Lezama arranca el programa \u201cRescate, limpieza y dignificaci\u00f3n de espacios p\u00fablicos\u201d en Chetumal"},"content":{"rendered":"\n<figure class=\"wp-block-pullquote\"><blockquote><p>Las personas contar\u00e1n con parques limpios y bien pintados, vialidades sin basura, fuentes y glorietas con mantenimiento, camellones y \u00e1reas jardinadas debidamente podadas<\/p><\/blockquote><\/figure>\n\n\n\n<p class=\"has-drop-cap\">\u00a1No m\u00e1s abandono en espacios p\u00fablicos! expres\u00f3 la gobernadora Mara Lezama Espinosa al arrancar el programa de \u201cRescate, limpieza y dignificaci\u00f3n de espacios p\u00fablicos\u201d con el que reforzar\u00e1n los trabajos para devolverle el brillo a la capital.<br><\/p>\n\n\n\n<p>Asegur\u00f3 que con este programa se resolver\u00e1 el abandono y deterioro de espacios p\u00fablicos para que ahora las personas cuenten con parques limpios y bien pintados, vialidades sin basura, fuentes y glorietas con mantenimiento, camellones y \u00e1reas jardinadas debidamente podadas.<br><\/p>\n\n\n\n<figure class=\"wp-block-image size-large\"><img fetchpriority=\"high\" decoding=\"async\" width=\"1024\" height=\"506\" src=\"https:\/\/elinformante.mx\/wp-content\/uploads\/2025\/03\/4mara-2-1024x506.jpeg\" alt=\"\" class=\"wp-image-78037\" srcset=\"https:\/\/elinformante.mx\/wp-content\/uploads\/2025\/03\/4mara-2-1024x506.jpeg 1024w, https:\/\/elinformante.mx\/wp-content\/uploads\/2025\/03\/4mara-2-300x148.jpeg 300w, https:\/\/elinformante.mx\/wp-content\/uploads\/2025\/03\/4mara-2-768x379.jpeg 768w, https:\/\/elinformante.mx\/wp-content\/uploads\/2025\/03\/4mara-2.jpeg 1140w\" sizes=\"(max-width: 1024px) 100vw, 1024px\" \/><\/figure>\n\n\n\n<p>Durante el arranque del programa, Mara Lezama estuvo acompa\u00f1ada del Oficial Mayor Adri\u00e1n D\u00edaz Villanueva, y del director general administraci\u00f3n de bienes y servicios de la Oficial\u00eda Mayor, Juan Miguel R\u00edos Rodr\u00edguez, ambos de SEFIPLAN. La Gobernadora reiter\u00f3 que se continuar\u00e1 trabajando en territorio, limpiando y embelleciendo a \u201cnuestra orgullosa capital de Chetumal, as\u00ed como a las comunidades de todo el municipio\u201d.<br><\/p>\n\n\n\n<p>La gobernadora de Quintana Roo explic\u00f3 que el objetivo es que las y los othonenses cuenten con espacios p\u00fablicos seguros, limpios, en buen estado, para que sean lugares de sano esparcimiento, de fomento al deporte, a la cultura y las artes.<\/p>\n","protected":false},"excerpt":{"rendered":"<p>Las personas contar\u00e1n con parques limpios y bien pintados, vialidades sin basura, fuentes y glorietas con mantenimiento, camellones y \u00e1reas jardinadas debidamente podadas \u00a1No m\u00e1s abandono en espacios p\u00fablicos! expres\u00f3 la gobernadora Mara Lezama Espinosa al arrancar el programa de \u201cRescate, limpieza y dignificaci\u00f3n de espacios p\u00fablicos\u201d con el que reforzar\u00e1n los trabajos para devolverle [&hellip;]<\/p>\n","protected":false},"author":1,"featured_media":78036,"comment_status":"closed","ping_status":"closed","sticky":false,"template":"","format":"standard","meta":{"footnotes":""},"categories":[30,34],"tags":[],"class_list":["post-78033","post","type-post","status-publish","format-standard","has-post-thumbnail","hentry","category-destacado","category-nacional"],"_links":{"self":[{"href":"https:\/\/elinformante.mx\/index.php?rest_route=\/wp\/v2\/posts\/78033","targetHints":{"allow":["GET"]}}],"collection":[{"href":"https:\/\/elinformante.mx\/index.php?rest_route=\/wp\/v2\/posts"}],"about":[{"href":"https:\/\/elinformante.mx\/index.php?rest_route=\/wp\/v2\/types\/post"}],"author":[{"embeddable":true,"href":"https:\/\/elinformante.mx\/index.php?rest_route=\/wp\/v2\/users\/1"}],"replies":[{"embeddable":true,"href":"https:\/\/elinformante.mx\/index.php?rest_route=%2Fwp%2Fv2%2Fcomments&post=78033"}],"version-history":[{"count":0,"href":"https:\/\/elinformante.mx\/index.php?rest_route=\/wp\/v2\/posts\/78033\/revisions"}],"wp:featuredmedia":[{"embeddable":true,"href":"https:\/\/elinformante.mx\/index.php?rest_route=\/wp\/v2\/media\/78036"}],"wp:attachment":[{"href":"https:\/\/elinformante.mx\/index.php?rest_route=%2Fwp%2Fv2%2Fmedia&parent=78033"}],"wp:term":[{"taxonomy":"category","embeddable":true,"href":"https:\/\/elinformante.mx\/index.php?rest_route=%2Fwp%2Fv2%2Fcategories&post=78033"},{"taxonomy":"post_tag","embeddable":true,"href":"https:\/\/elinformante.mx\/index.php?rest_route=%2Fwp%2Fv2%2Ftags&post=78033"}],"curies":[{"name":"wp","href":"https:\/\/api.w.org\/{rel}","templated":true}]}}