{"id":78043,"date":"2025-03-13T06:55:44","date_gmt":"2025-03-13T12:55:44","guid":{"rendered":"https:\/\/elinformante.mx\/?p=78043"},"modified":"2025-03-13T06:55:46","modified_gmt":"2025-03-13T12:55:46","slug":"tendremos-una-consulta-masiva-sobre-acciones-para-erradicar-violencia-contra-las-mujeres-sheinbaum","status":"publish","type":"post","link":"https:\/\/elinformante.mx\/?p=78043","title":{"rendered":"\u201cTendremos una consulta masiva sobre acciones para erradicar violencia contra las mujeres\u201d: Sheinbaum"},"content":{"rendered":"\n<figure class=\"wp-block-pullquote\"><blockquote><p>La mandataria afirm\u00f3 que ser\u00e1 la titular de la Secretar\u00eda de las Mujeres, Citlalli Hern\u00e1ndez, quien se encargar\u00e1 de explicar en qu\u00e9 consiste.<\/p><\/blockquote><\/figure>\n\n\n\n<p class=\"has-drop-cap\">La presidenta Claudia Sheinbaum Pardo, revel\u00f3 que se alista un proceso de consulta masivo sobre acciones para erradicar la violencia contra las mujeres en el pa\u00eds. Dicha encuesta estar\u00e1 vinculada con la Red de Tejedoras de la Patria.<br><\/p>\n\n\n\n<p>La mandataria afirm\u00f3 que ser\u00e1 la titular de la Secretar\u00eda de las Mujeres, Citlalli Hern\u00e1ndez, quien se encargar\u00e1 de explicar en qu\u00e9 consiste la encuesta, la cual incluir\u00e1 foros en diversos niveles de la sociedad y con expertos en la materia.<br><\/p>\n\n\n\n<p>La presidenta se\u00f1al\u00f3 que con este ejercicio se tendr\u00e1 un panorama y an\u00e1lisis de lo que se requiere desde el \u00e1mbito gubernamental para erradicar la violencia contra las mujeres relacionadas con la atenci\u00f3n a las causas y la cero impunidad.<br><\/p>\n\n\n\n<figure class=\"wp-block-image size-large\"><img fetchpriority=\"high\" decoding=\"async\" width=\"1024\" height=\"506\" src=\"https:\/\/elinformante.mx\/wp-content\/uploads\/2025\/03\/3claudia-6-1024x506.jpg\" alt=\"\" class=\"wp-image-78045\" srcset=\"https:\/\/elinformante.mx\/wp-content\/uploads\/2025\/03\/3claudia-6-1024x506.jpg 1024w, https:\/\/elinformante.mx\/wp-content\/uploads\/2025\/03\/3claudia-6-300x148.jpg 300w, https:\/\/elinformante.mx\/wp-content\/uploads\/2025\/03\/3claudia-6-768x379.jpg 768w, https:\/\/elinformante.mx\/wp-content\/uploads\/2025\/03\/3claudia-6.jpg 1140w\" sizes=\"(max-width: 1024px) 100vw, 1024px\" \/><\/figure>\n\n\n\n<p>Adem\u00e1s precis\u00f3 que se re\u00fane con la Secretar\u00eda de Cultura y el Instituto Mexicano de la Propiedad Industrial (IMPI) para detallar el programa de apoyo a artesanas, principalmente de pueblos originarios.<br><\/p>\n\n\n\n<p>Este programa integral junto con la transformaci\u00f3n de Fonart permitir\u00e1 que las artesan\u00edas producidas, principalmente aunque no \u00fanicamente por mujeres ind\u00edgenas, pueda llegar no solamente a todo el pa\u00eds sino todo el mundo en un comercio justo porque parte del problema pues es que hay mucho intermediarismo todav\u00eda y es muy injusto lo que se paga\u201d, coment\u00f3.<br><\/p>\n\n\n\n<p>Para rematar, la presidenta de la Rep\u00fablica refiri\u00f3 que ahora la venta de artesan\u00edas no solo se har\u00e1 en el Centro Cultural de Los Pinos, sino en otras ciudades.<\/p>\n","protected":false},"excerpt":{"rendered":"<p>La mandataria afirm\u00f3 que ser\u00e1 la titular de la Secretar\u00eda de las Mujeres, Citlalli Hern\u00e1ndez, quien se encargar\u00e1 de explicar en qu\u00e9 consiste. La presidenta Claudia Sheinbaum Pardo, revel\u00f3 que se alista un proceso de consulta masivo sobre acciones para erradicar la violencia contra las mujeres en el pa\u00eds. Dicha encuesta estar\u00e1 vinculada con la [&hellip;]<\/p>\n","protected":false},"author":1,"featured_media":78044,"comment_status":"closed","ping_status":"closed","sticky":false,"template":"","format":"standard","meta":{"footnotes":""},"categories":[30,34],"tags":[],"class_list":["post-78043","post","type-post","status-publish","format-standard","has-post-thumbnail","hentry","category-destacado","category-nacional"],"_links":{"self":[{"href":"https:\/\/elinformante.mx\/index.php?rest_route=\/wp\/v2\/posts\/78043","targetHints":{"allow":["GET"]}}],"collection":[{"href":"https:\/\/elinformante.mx\/index.php?rest_route=\/wp\/v2\/posts"}],"about":[{"href":"https:\/\/elinformante.mx\/index.php?rest_route=\/wp\/v2\/types\/post"}],"author":[{"embeddable":true,"href":"https:\/\/elinformante.mx\/index.php?rest_route=\/wp\/v2\/users\/1"}],"replies":[{"embeddable":true,"href":"https:\/\/elinformante.mx\/index.php?rest_route=%2Fwp%2Fv2%2Fcomments&post=78043"}],"version-history":[{"count":0,"href":"https:\/\/elinformante.mx\/index.php?rest_route=\/wp\/v2\/posts\/78043\/revisions"}],"wp:featuredmedia":[{"embeddable":true,"href":"https:\/\/elinformante.mx\/index.php?rest_route=\/wp\/v2\/media\/78044"}],"wp:attachment":[{"href":"https:\/\/elinformante.mx\/index.php?rest_route=%2Fwp%2Fv2%2Fmedia&parent=78043"}],"wp:term":[{"taxonomy":"category","embeddable":true,"href":"https:\/\/elinformante.mx\/index.php?rest_route=%2Fwp%2Fv2%2Fcategories&post=78043"},{"taxonomy":"post_tag","embeddable":true,"href":"https:\/\/elinformante.mx\/index.php?rest_route=%2Fwp%2Fv2%2Ftags&post=78043"}],"curies":[{"name":"wp","href":"https:\/\/api.w.org\/{rel}","templated":true}]}}