{"id":78050,"date":"2025-03-13T06:59:06","date_gmt":"2025-03-13T12:59:06","guid":{"rendered":"https:\/\/elinformante.mx\/?p=78050"},"modified":"2025-03-13T06:59:10","modified_gmt":"2025-03-13T12:59:10","slug":"advierten-expertos-que-la-nina-agudizara-la-sequia-en-mexico","status":"publish","type":"post","link":"https:\/\/elinformante.mx\/?p=78050","title":{"rendered":"Advierten expertos que La Ni\u00f1a agudizar\u00e1 la sequ\u00eda en M\u00e9xico"},"content":{"rendered":"\n<figure class=\"wp-block-pullquote\"><blockquote><p>Afirman que las temperaturas van a incrementar, la lluvia bajar\u00e1 en t\u00e9rminos de volumen.<\/p><\/blockquote><\/figure>\n\n\n\n<p class=\"has-drop-cap\">Advirtieron expertos que la sequ\u00eda en M\u00e9xico que afecta a m\u00e1s del 53% del pa\u00eds, especialmente a los estados del noroeste del pa\u00eds, se ver\u00e1 acentuada con el fen\u00f3meno meteorol\u00f3gico La Ni\u00f1a, recrudeciendo la falta de agua y generando lluvias extraordinarias en el sur del pa\u00eds.<br><\/p>\n\n\n\n<p>Para la profesora e investigadora del Colegio de Sonora, Am\u00e9rica Nallely Lutz Ley lo m\u00e1s dif\u00edcil es que el cambio clim\u00e1tico altera los patrones naturales de la tierra, adem\u00e1s de alterar al monz\u00f3n de Norteam\u00e9rica, altera a El Ni\u00f1o o La Ni\u00f1a, agudizar\u00e1 todo proceso, donde llueve llover\u00e1 m\u00e1s, lugares secos ser\u00e1n a\u00fan m\u00e1s secos.<br><\/p>\n\n\n\n<p>Record\u00f3 que el fen\u00f3meno meteorol\u00f3gico de La Ni\u00f1a es m\u00e1s impredecible con el cambio clim\u00e1tico ocurriendo.<br><\/p>\n\n\n\n<p>\u201cLo que sabemos es que las temperaturas van a incrementar, la lluvia bajar\u00e1 en t\u00e9rminos de volumen y ser\u00e1n m\u00e1s impredecibles. Lamentablemente, estamos en una zona que es foco rojo del cambio clim\u00e1tico\u201d, afirm\u00f3 la especialista.<br><\/p>\n\n\n\n<p>La Organizaci\u00f3n Meteorol\u00f3gica Mundial y el Instituto Internacional de Investigaci\u00f3n sobre Clima y Sociedad determinaron que La Ni\u00f1a comenz\u00f3 en el Oc\u00e9ano Pac\u00edfico tropical en enero, y ha mantenido sus efectos desde febrero y seguir\u00e1 hasta abril, seg\u00fan el \u00faltimo pron\u00f3stico.<br><\/p>\n\n\n\n<p>Lutz Ley advirti\u00f3 de que el gobierno mexicano, los productores y la sociedad, no est\u00e1n tomando medidas de adaptaci\u00f3n o mitigaci\u00f3n a los efectos del cambio clim\u00e1tico.<br><\/p>\n\n\n\n<p>Record\u00f3 que La Ni\u00f1a y el cambio clim\u00e1tico impactan a todos los sectores de la econom\u00eda, desde lo dom\u00e9stico, con la escasez de agua, hasta la producci\u00f3n agropecuaria e industrial.<br><\/p>\n\n\n\n<p>Seg\u00fan el Monitor de Sequ\u00eda en M\u00e9xico, que quincenalmente publica la Comisi\u00f3n Nacional del Agua (Conagua), todo el noroeste del territorio nacional presenta niveles de sequ\u00eda que van de severa a excepcional.<br><\/p>\n\n\n\n<p>De estos estados, Baja California, Baja California Sur, Chihuahua, Sinaloa y Sonora, est\u00e1n completamente secos.<\/p>\n","protected":false},"excerpt":{"rendered":"<p>Afirman que las temperaturas van a incrementar, la lluvia bajar\u00e1 en t\u00e9rminos de volumen. Advirtieron expertos que la sequ\u00eda en M\u00e9xico que afecta a m\u00e1s del 53% del pa\u00eds, especialmente a los estados del noroeste del pa\u00eds, se ver\u00e1 acentuada con el fen\u00f3meno meteorol\u00f3gico La Ni\u00f1a, recrudeciendo la falta de agua y generando lluvias extraordinarias [&hellip;]<\/p>\n","protected":false},"author":1,"featured_media":78051,"comment_status":"closed","ping_status":"closed","sticky":false,"template":"","format":"standard","meta":{"footnotes":""},"categories":[30,34,31],"tags":[],"class_list":["post-78050","post","type-post","status-publish","format-standard","has-post-thumbnail","hentry","category-destacado","category-nacional","category-portada"],"_links":{"self":[{"href":"https:\/\/elinformante.mx\/index.php?rest_route=\/wp\/v2\/posts\/78050","targetHints":{"allow":["GET"]}}],"collection":[{"href":"https:\/\/elinformante.mx\/index.php?rest_route=\/wp\/v2\/posts"}],"about":[{"href":"https:\/\/elinformante.mx\/index.php?rest_route=\/wp\/v2\/types\/post"}],"author":[{"embeddable":true,"href":"https:\/\/elinformante.mx\/index.php?rest_route=\/wp\/v2\/users\/1"}],"replies":[{"embeddable":true,"href":"https:\/\/elinformante.mx\/index.php?rest_route=%2Fwp%2Fv2%2Fcomments&post=78050"}],"version-history":[{"count":0,"href":"https:\/\/elinformante.mx\/index.php?rest_route=\/wp\/v2\/posts\/78050\/revisions"}],"wp:featuredmedia":[{"embeddable":true,"href":"https:\/\/elinformante.mx\/index.php?rest_route=\/wp\/v2\/media\/78051"}],"wp:attachment":[{"href":"https:\/\/elinformante.mx\/index.php?rest_route=%2Fwp%2Fv2%2Fmedia&parent=78050"}],"wp:term":[{"taxonomy":"category","embeddable":true,"href":"https:\/\/elinformante.mx\/index.php?rest_route=%2Fwp%2Fv2%2Fcategories&post=78050"},{"taxonomy":"post_tag","embeddable":true,"href":"https:\/\/elinformante.mx\/index.php?rest_route=%2Fwp%2Fv2%2Ftags&post=78050"}],"curies":[{"name":"wp","href":"https:\/\/api.w.org\/{rel}","templated":true}]}}