{"id":78053,"date":"2025-03-13T07:09:08","date_gmt":"2025-03-13T13:09:08","guid":{"rendered":"https:\/\/elinformante.mx\/?p=78053"},"modified":"2025-03-13T07:09:11","modified_gmt":"2025-03-13T13:09:11","slug":"podrian-fuerzas-armadas-de-usa-ayudar-a-mexico-a-combatir-violencia-pero-con-acuerdos-comandante","status":"publish","type":"post","link":"https:\/\/elinformante.mx\/?p=78053","title":{"rendered":"\u201cPODR\u00cdAN FUERZAS ARMADAS DE USA AYUDAR A M\u00c9XICO A COMBATIR VIOLENCIA, PERO CON ACUERDOS\u201d: COMANDANTE"},"content":{"rendered":"\n<figure class=\"wp-block-pullquote\"><blockquote><p>La cooperaci\u00f3n internacional se ha mantenido fluida y productiva, incluye ejercicios conjuntos con Canad\u00e1, Estados Unidos y otros ej\u00e9rcitos de Am\u00e9rica Latina.<\/p><\/blockquote><\/figure>\n\n\n\n<p class=\"has-drop-cap\">El general Norberto Cort\u00e9s, comandante del Ej\u00e9rcito Mexicano consider\u00f3 que las fuerzas armadas de Estados Unidos y Canad\u00e1 podr\u00edan ayudar a M\u00e9xico a enfrentar la violencia generada por las organizaciones de la delincuencia en territorio nacional, pero siempre y cuando est\u00e9n dentro de los l\u00edmites constitucionales y respetando acuerdos signados. Las declaraciones las hizo durante el marco del Seminario de Defensa Nacional del Estado Mexicano, donde el general abord\u00f3 temas clave sobre el fortalecimiento del poder nacional militar y la preparaci\u00f3n ante amenazas h\u00edbridas.<br><\/p>\n\n\n\n<p>Adem\u00e1s considero que es viable \u00e9l increment\u00f3 del poder militar con el apoyo de las fuerzas armadas de Estados Unidos y Canad\u00e1 para enfrentar la violencia en el territorio nacional, pero aclar\u00f3 que se deber\u00e1 hacer dentro de los l\u00edmites que nos marca nuestra propia Constituci\u00f3n y soberan\u00eda, y con base en los acuerdos signados con estos pa\u00edses.<br><\/p>\n\n\n\n<figure class=\"wp-block-image size-large\"><img fetchpriority=\"high\" decoding=\"async\" width=\"1024\" height=\"506\" src=\"https:\/\/elinformante.mx\/wp-content\/uploads\/2025\/03\/9podrian-3-1024x506.jpg\" alt=\"\" class=\"wp-image-78055\" srcset=\"https:\/\/elinformante.mx\/wp-content\/uploads\/2025\/03\/9podrian-3-1024x506.jpg 1024w, https:\/\/elinformante.mx\/wp-content\/uploads\/2025\/03\/9podrian-3-300x148.jpg 300w, https:\/\/elinformante.mx\/wp-content\/uploads\/2025\/03\/9podrian-3-768x379.jpg 768w, https:\/\/elinformante.mx\/wp-content\/uploads\/2025\/03\/9podrian-3.jpg 1140w\" sizes=\"(max-width: 1024px) 100vw, 1024px\" \/><\/figure>\n\n\n\n<p>El general destac\u00f3 que la cooperaci\u00f3n internacional se ha mantenido fluida y productiva desde la d\u00e9cada de los noventa, lo que incluye ejercicios conjuntos con Canad\u00e1, Estados Unidos y otros ej\u00e9rcitos de Am\u00e9rica Latina.<br><\/p>\n\n\n\n<p>Subray\u00f3 que, si la situaci\u00f3n lo requiriera, se podr\u00eda solicitar apoyo adicional siempre que sea bajo convenios de colaboraci\u00f3n autorizados en el m\u00e1s alto nivel.<br><\/p>\n\n\n\n<p>\u201cEstoy seguro de que, si la decisi\u00f3n pol\u00edtica es incrementar nuestro poder militar para hacer frente a este tipo de riesgos y amenazas, lo podr\u00edamos hacer, sin ning\u00fan problema\u201d.<br><\/p>\n\n\n\n<figure class=\"wp-block-image size-large\"><img decoding=\"async\" width=\"1024\" height=\"506\" src=\"https:\/\/elinformante.mx\/wp-content\/uploads\/2025\/03\/9podrian-2-1024x506.jpg\" alt=\"\" class=\"wp-image-78056\" srcset=\"https:\/\/elinformante.mx\/wp-content\/uploads\/2025\/03\/9podrian-2-1024x506.jpg 1024w, https:\/\/elinformante.mx\/wp-content\/uploads\/2025\/03\/9podrian-2-300x148.jpg 300w, https:\/\/elinformante.mx\/wp-content\/uploads\/2025\/03\/9podrian-2-768x379.jpg 768w, https:\/\/elinformante.mx\/wp-content\/uploads\/2025\/03\/9podrian-2.jpg 1140w\" sizes=\"(max-width: 1024px) 100vw, 1024px\" \/><\/figure>\n\n\n\n<p>Explic\u00f3 que el concepto de \u201cpoder nacional\u201d puede dividirse en tres categor\u00edas:<br><\/p>\n\n\n\n<p>Poder actual: se refiere a los recursos y medios disponibles en este momento<br><\/p>\n\n\n\n<p>Poder potencial: abarca las capacidades a desarrollar<br><\/p>\n\n\n\n<figure class=\"wp-block-image size-large\"><img decoding=\"async\" width=\"1024\" height=\"506\" src=\"https:\/\/elinformante.mx\/wp-content\/uploads\/2025\/03\/9podrian-4-1024x506.jpg\" alt=\"\" class=\"wp-image-78057\" srcset=\"https:\/\/elinformante.mx\/wp-content\/uploads\/2025\/03\/9podrian-4-1024x506.jpg 1024w, https:\/\/elinformante.mx\/wp-content\/uploads\/2025\/03\/9podrian-4-300x148.jpg 300w, https:\/\/elinformante.mx\/wp-content\/uploads\/2025\/03\/9podrian-4-768x379.jpg 768w, https:\/\/elinformante.mx\/wp-content\/uploads\/2025\/03\/9podrian-4.jpg 1140w\" sizes=\"(max-width: 1024px) 100vw, 1024px\" \/><\/figure>\n\n\n\n<p>Poder adquirido: basado en alianzas y convenios internacionales<br><\/p>\n\n\n\n<p>Y sobre c\u00f3mo el Ej\u00e9rcito Mexicano enfrenta el crimen organizado trasnacional y la guerra cibern\u00e9tica, Cort\u00e9s se\u00f1al\u00f3 que la instituci\u00f3n se sustenta en dos pilares esenciales: el sistema educativo militar y el sistema de adiestramiento.<br><\/p>\n\n\n\n<p>Adem\u00e1s aseguro que el ej\u00e9rcito se sigue fortaleci\u00e9ndose mediante una preparaci\u00f3n constante y alianzas estrat\u00e9gicas, adapt\u00e1ndose a las necesidades y desaf\u00edos que enfrenta el pa\u00eds.<br><\/p>\n\n\n\n<figure class=\"wp-block-image size-large\"><img loading=\"lazy\" decoding=\"async\" width=\"1024\" height=\"506\" src=\"https:\/\/elinformante.mx\/wp-content\/uploads\/2025\/03\/9podrian-5-1024x506.jpg\" alt=\"\" class=\"wp-image-78058\" srcset=\"https:\/\/elinformante.mx\/wp-content\/uploads\/2025\/03\/9podrian-5-1024x506.jpg 1024w, https:\/\/elinformante.mx\/wp-content\/uploads\/2025\/03\/9podrian-5-300x148.jpg 300w, https:\/\/elinformante.mx\/wp-content\/uploads\/2025\/03\/9podrian-5-768x379.jpg 768w, https:\/\/elinformante.mx\/wp-content\/uploads\/2025\/03\/9podrian-5.jpg 1140w\" sizes=\"(max-width: 1024px) 100vw, 1024px\" \/><\/figure>\n\n\n\n<p>Finalmente, el general Cort\u00e9s resalt\u00f3 la colaboraci\u00f3n con Estados Unidos, donde personal militar mexicano participa en cursos y capacitaciones en universidades civiles y militares.<br><\/p>\n\n\n\n<p>En su participaci\u00f3n, el diputado presidente de la comisi\u00f3n de la Defensa Nacional, Luis Arturo Oliver Cen, consider\u00f3 como una prioridad para el Estado Mexicano atender la situaci\u00f3n porque se destine una mayor cantidad de recursos para las Fuerzas Armadas, toda vez que cuentan con un presupuesto escueto.<\/p>\n\n\n\n<figure class=\"wp-block-image size-large\"><img loading=\"lazy\" decoding=\"async\" width=\"1024\" height=\"506\" src=\"https:\/\/elinformante.mx\/wp-content\/uploads\/2025\/03\/9podrian-1024x506.jpg\" alt=\"\" class=\"wp-image-78059\" srcset=\"https:\/\/elinformante.mx\/wp-content\/uploads\/2025\/03\/9podrian-1024x506.jpg 1024w, https:\/\/elinformante.mx\/wp-content\/uploads\/2025\/03\/9podrian-300x148.jpg 300w, https:\/\/elinformante.mx\/wp-content\/uploads\/2025\/03\/9podrian-768x379.jpg 768w, https:\/\/elinformante.mx\/wp-content\/uploads\/2025\/03\/9podrian.jpg 1140w\" sizes=\"(max-width: 1024px) 100vw, 1024px\" \/><\/figure>\n","protected":false},"excerpt":{"rendered":"<p>La cooperaci\u00f3n internacional se ha mantenido fluida y productiva, incluye ejercicios conjuntos con Canad\u00e1, Estados Unidos y otros ej\u00e9rcitos de Am\u00e9rica Latina. El general Norberto Cort\u00e9s, comandante del Ej\u00e9rcito Mexicano consider\u00f3 que las fuerzas armadas de Estados Unidos y Canad\u00e1 podr\u00edan ayudar a M\u00e9xico a enfrentar la violencia generada por las organizaciones de la delincuencia [&hellip;]<\/p>\n","protected":false},"author":1,"featured_media":78060,"comment_status":"closed","ping_status":"closed","sticky":false,"template":"","format":"standard","meta":{"footnotes":""},"categories":[30,34,31],"tags":[47],"class_list":["post-78053","post","type-post","status-publish","format-standard","has-post-thumbnail","hentry","category-destacado","category-nacional","category-portada","tag-portadanacional"],"_links":{"self":[{"href":"https:\/\/elinformante.mx\/index.php?rest_route=\/wp\/v2\/posts\/78053","targetHints":{"allow":["GET"]}}],"collection":[{"href":"https:\/\/elinformante.mx\/index.php?rest_route=\/wp\/v2\/posts"}],"about":[{"href":"https:\/\/elinformante.mx\/index.php?rest_route=\/wp\/v2\/types\/post"}],"author":[{"embeddable":true,"href":"https:\/\/elinformante.mx\/index.php?rest_route=\/wp\/v2\/users\/1"}],"replies":[{"embeddable":true,"href":"https:\/\/elinformante.mx\/index.php?rest_route=%2Fwp%2Fv2%2Fcomments&post=78053"}],"version-history":[{"count":0,"href":"https:\/\/elinformante.mx\/index.php?rest_route=\/wp\/v2\/posts\/78053\/revisions"}],"wp:featuredmedia":[{"embeddable":true,"href":"https:\/\/elinformante.mx\/index.php?rest_route=\/wp\/v2\/media\/78060"}],"wp:attachment":[{"href":"https:\/\/elinformante.mx\/index.php?rest_route=%2Fwp%2Fv2%2Fmedia&parent=78053"}],"wp:term":[{"taxonomy":"category","embeddable":true,"href":"https:\/\/elinformante.mx\/index.php?rest_route=%2Fwp%2Fv2%2Fcategories&post=78053"},{"taxonomy":"post_tag","embeddable":true,"href":"https:\/\/elinformante.mx\/index.php?rest_route=%2Fwp%2Fv2%2Ftags&post=78053"}],"curies":[{"name":"wp","href":"https:\/\/api.w.org\/{rel}","templated":true}]}}