{"id":78063,"date":"2025-03-13T16:35:56","date_gmt":"2025-03-13T22:35:56","guid":{"rendered":"https:\/\/elinformante.mx\/?p=78063"},"modified":"2025-03-13T16:35:57","modified_gmt":"2025-03-13T22:35:57","slug":"sheinbaum-dice-que-se-tiene-que-investigar-lo-que-paso-en-el-rancho-de-jalisco","status":"publish","type":"post","link":"https:\/\/elinformante.mx\/?p=78063","title":{"rendered":"SHEINBAUM DICE QUE SE TIENE QUE INVESTIGAR LO QUE PAS\u00d3 EN EL RANCHO DE JALISCO"},"content":{"rendered":"\n<p>En la conferencia matutina de este d\u00eda, la presidenta de M\u00e9xico, Claudia Sheinbaum Pardo, se\u00f1al\u00f3 la necesidad de saber qu\u00e9 pas\u00f3 realmente en el rancho de Jalisco en donde se encontraron hornos crematorios.\u00a0 \u00a0<\/p>\n\n\n\n<p>\u00a0Sheinbaum, mencion\u00f3 \u201cNecesitamos la informaci\u00f3n de qu\u00e9 hay en el predio, qu\u00e9 se encontr\u00f3. Lo que hay es informaci\u00f3n de los grupos de buscadores, es importante primero que nada hacer la investigaci\u00f3n antes de plantear conclusiones\u201d.\u00a0\u00a0<br><\/p>\n","protected":false},"excerpt":{"rendered":"<p>En la conferencia matutina de este d\u00eda, la presidenta de M\u00e9xico, Claudia Sheinbaum Pardo, se\u00f1al\u00f3 la necesidad de saber qu\u00e9 pas\u00f3 realmente en el rancho de Jalisco en donde se encontraron hornos crematorios.\u00a0 \u00a0 \u00a0Sheinbaum, mencion\u00f3 \u201cNecesitamos la informaci\u00f3n de qu\u00e9 hay en el predio, qu\u00e9 se encontr\u00f3. Lo que hay es informaci\u00f3n de los [&hellip;]<\/p>\n","protected":false},"author":2,"featured_media":78064,"comment_status":"closed","ping_status":"closed","sticky":false,"template":"","format":"standard","meta":{"footnotes":""},"categories":[34],"tags":[],"class_list":["post-78063","post","type-post","status-publish","format-standard","has-post-thumbnail","hentry","category-nacional"],"_links":{"self":[{"href":"https:\/\/elinformante.mx\/index.php?rest_route=\/wp\/v2\/posts\/78063","targetHints":{"allow":["GET"]}}],"collection":[{"href":"https:\/\/elinformante.mx\/index.php?rest_route=\/wp\/v2\/posts"}],"about":[{"href":"https:\/\/elinformante.mx\/index.php?rest_route=\/wp\/v2\/types\/post"}],"author":[{"embeddable":true,"href":"https:\/\/elinformante.mx\/index.php?rest_route=\/wp\/v2\/users\/2"}],"replies":[{"embeddable":true,"href":"https:\/\/elinformante.mx\/index.php?rest_route=%2Fwp%2Fv2%2Fcomments&post=78063"}],"version-history":[{"count":0,"href":"https:\/\/elinformante.mx\/index.php?rest_route=\/wp\/v2\/posts\/78063\/revisions"}],"wp:featuredmedia":[{"embeddable":true,"href":"https:\/\/elinformante.mx\/index.php?rest_route=\/wp\/v2\/media\/78064"}],"wp:attachment":[{"href":"https:\/\/elinformante.mx\/index.php?rest_route=%2Fwp%2Fv2%2Fmedia&parent=78063"}],"wp:term":[{"taxonomy":"category","embeddable":true,"href":"https:\/\/elinformante.mx\/index.php?rest_route=%2Fwp%2Fv2%2Fcategories&post=78063"},{"taxonomy":"post_tag","embeddable":true,"href":"https:\/\/elinformante.mx\/index.php?rest_route=%2Fwp%2Fv2%2Ftags&post=78063"}],"curies":[{"name":"wp","href":"https:\/\/api.w.org\/{rel}","templated":true}]}}