{"id":78066,"date":"2025-03-13T16:37:27","date_gmt":"2025-03-13T22:37:27","guid":{"rendered":"https:\/\/elinformante.mx\/?p=78066"},"modified":"2025-03-13T16:37:27","modified_gmt":"2025-03-13T22:37:27","slug":"ebrard-asegura-que-mexico-actua-con-sangre-fria-ante-aranceles","status":"publish","type":"post","link":"https:\/\/elinformante.mx\/?p=78066","title":{"rendered":"EBRARD ASEGURA QUE M\u00c9XICO ACT\u00daA CON \u201cSANGRE FR\u00cdA\u201d ANTE ARANCELES"},"content":{"rendered":"\n<p>El secretario de Econom\u00eda, Marcelo Ebrard, dijo que el gobierno de M\u00e9xico actuar\u00e1 con \u201csangre fr\u00eda\u201d y \u201cfirmeza\u201d ante aranceles de EU.\u00a0\u00a0\u00a0\u00a0\u00a0<br><\/p>\n\n\n\n<p>Ebrard dio a conocer el inicio de una serie de consultas con distintos sectores econ\u00f3micos sobre el tema arancelario, para poder llegar al 2 de abril preparados.<br><\/p>\n","protected":false},"excerpt":{"rendered":"<p>El secretario de Econom\u00eda, Marcelo Ebrard, dijo que el gobierno de M\u00e9xico actuar\u00e1 con \u201csangre fr\u00eda\u201d y \u201cfirmeza\u201d ante aranceles de EU.\u00a0\u00a0\u00a0\u00a0\u00a0 Ebrard dio a conocer el inicio de una serie de consultas con distintos sectores econ\u00f3micos sobre el tema arancelario, para poder llegar al 2 de abril preparados.<\/p>\n","protected":false},"author":2,"featured_media":78067,"comment_status":"closed","ping_status":"closed","sticky":false,"template":"","format":"standard","meta":{"footnotes":""},"categories":[1],"tags":[],"class_list":["post-78066","post","type-post","status-publish","format-standard","has-post-thumbnail","hentry","category-sin-categoria"],"_links":{"self":[{"href":"https:\/\/elinformante.mx\/index.php?rest_route=\/wp\/v2\/posts\/78066","targetHints":{"allow":["GET"]}}],"collection":[{"href":"https:\/\/elinformante.mx\/index.php?rest_route=\/wp\/v2\/posts"}],"about":[{"href":"https:\/\/elinformante.mx\/index.php?rest_route=\/wp\/v2\/types\/post"}],"author":[{"embeddable":true,"href":"https:\/\/elinformante.mx\/index.php?rest_route=\/wp\/v2\/users\/2"}],"replies":[{"embeddable":true,"href":"https:\/\/elinformante.mx\/index.php?rest_route=%2Fwp%2Fv2%2Fcomments&post=78066"}],"version-history":[{"count":0,"href":"https:\/\/elinformante.mx\/index.php?rest_route=\/wp\/v2\/posts\/78066\/revisions"}],"wp:featuredmedia":[{"embeddable":true,"href":"https:\/\/elinformante.mx\/index.php?rest_route=\/wp\/v2\/media\/78067"}],"wp:attachment":[{"href":"https:\/\/elinformante.mx\/index.php?rest_route=%2Fwp%2Fv2%2Fmedia&parent=78066"}],"wp:term":[{"taxonomy":"category","embeddable":true,"href":"https:\/\/elinformante.mx\/index.php?rest_route=%2Fwp%2Fv2%2Fcategories&post=78066"},{"taxonomy":"post_tag","embeddable":true,"href":"https:\/\/elinformante.mx\/index.php?rest_route=%2Fwp%2Fv2%2Ftags&post=78066"}],"curies":[{"name":"wp","href":"https:\/\/api.w.org\/{rel}","templated":true}]}}