{"id":78072,"date":"2025-03-13T16:40:47","date_gmt":"2025-03-13T22:40:47","guid":{"rendered":"https:\/\/elinformante.mx\/?p=78072"},"modified":"2025-03-13T16:40:48","modified_gmt":"2025-03-13T22:40:48","slug":"brugada-propone-prohibir-las-corridas-de-toros-con-violencia","status":"publish","type":"post","link":"https:\/\/elinformante.mx\/?p=78072","title":{"rendered":"BRUGADA PROPONE PROHIBIR LAS CORRIDAS DE TOROS CON VIOLENCIA"},"content":{"rendered":"\n<p>&nbsp;La jefa de Gobierno de la CDMX, Clara Brugada, anunci\u00f3 una propuesta para prohibir las corridas de toros con violencia en la capital, adem\u00e1s, dijo que deber\u00edan cambiarlas por espect\u00e1culos taurinos sin violencia, en los que se cuide la integridad y vida del animal.&nbsp;<\/p>\n","protected":false},"excerpt":{"rendered":"<p>&nbsp;La jefa de Gobierno de la CDMX, Clara Brugada, anunci\u00f3 una propuesta para prohibir las corridas de toros con violencia en la capital, adem\u00e1s, dijo que deber\u00edan cambiarlas por espect\u00e1culos taurinos sin violencia, en los que se cuide la integridad y vida del animal.&nbsp;<\/p>\n","protected":false},"author":2,"featured_media":78073,"comment_status":"closed","ping_status":"closed","sticky":false,"template":"","format":"standard","meta":{"footnotes":""},"categories":[35],"tags":[],"class_list":["post-78072","post","type-post","status-publish","format-standard","has-post-thumbnail","hentry","category-cdmx"],"_links":{"self":[{"href":"https:\/\/elinformante.mx\/index.php?rest_route=\/wp\/v2\/posts\/78072","targetHints":{"allow":["GET"]}}],"collection":[{"href":"https:\/\/elinformante.mx\/index.php?rest_route=\/wp\/v2\/posts"}],"about":[{"href":"https:\/\/elinformante.mx\/index.php?rest_route=\/wp\/v2\/types\/post"}],"author":[{"embeddable":true,"href":"https:\/\/elinformante.mx\/index.php?rest_route=\/wp\/v2\/users\/2"}],"replies":[{"embeddable":true,"href":"https:\/\/elinformante.mx\/index.php?rest_route=%2Fwp%2Fv2%2Fcomments&post=78072"}],"version-history":[{"count":0,"href":"https:\/\/elinformante.mx\/index.php?rest_route=\/wp\/v2\/posts\/78072\/revisions"}],"wp:featuredmedia":[{"embeddable":true,"href":"https:\/\/elinformante.mx\/index.php?rest_route=\/wp\/v2\/media\/78073"}],"wp:attachment":[{"href":"https:\/\/elinformante.mx\/index.php?rest_route=%2Fwp%2Fv2%2Fmedia&parent=78072"}],"wp:term":[{"taxonomy":"category","embeddable":true,"href":"https:\/\/elinformante.mx\/index.php?rest_route=%2Fwp%2Fv2%2Fcategories&post=78072"},{"taxonomy":"post_tag","embeddable":true,"href":"https:\/\/elinformante.mx\/index.php?rest_route=%2Fwp%2Fv2%2Ftags&post=78072"}],"curies":[{"name":"wp","href":"https:\/\/api.w.org\/{rel}","templated":true}]}}