{"id":78438,"date":"2025-03-17T18:36:19","date_gmt":"2025-03-18T00:36:19","guid":{"rendered":"https:\/\/elinformante.mx\/?p=78438"},"modified":"2025-03-17T18:36:21","modified_gmt":"2025-03-18T00:36:21","slug":"cae-el-veterano-alto-mando-de-la-mara-salvatrucha-en-veracruz","status":"publish","type":"post","link":"https:\/\/elinformante.mx\/?p=78438","title":{"rendered":"CAE &#8220;EL VETERANO&#8221;, ALTO MANDO DE LA MARA SALVATRUCHA, EN VERACRUZ"},"content":{"rendered":"\n<p>En un operativo exitoso, fuerzas de seguridad mexicanas capturaron a Francisco Javier N., alias \u201cEl Veterano\u201d, un alto mando de la Mara Salvatrucha, en la carretera Teocelo-Baxtla, a 18 kil\u00f3metros de Xalapa, Veracruz. El criminal figuraba entre los diez pr\u00f3fugos m\u00e1s buscados por el FBI, que ofrec\u00eda 250 mil d\u00f3lares por informaci\u00f3n sobre su paradero.<\/p>\n\n\n\n<p>El secretario de Seguridad, Omar Garc\u00eda Harfuch, confirm\u00f3 la detenci\u00f3n, destacando el trabajo de inteligencia del Gabinete de Seguridad. Tras su arresto, &#8220;El Veterano&#8221; ser\u00e1 trasladado a la Ciudad de M\u00e9xico para su deportaci\u00f3n inmediata a Estados Unidos, donde enfrenta m\u00faltiples cargos por terrorismo y narcotr\u00e1fico, en un momento clave para la cooperaci\u00f3n bilateral contra el crimen organizado.<\/p>\n","protected":false},"excerpt":{"rendered":"<p>En un operativo exitoso, fuerzas de seguridad mexicanas capturaron a Francisco Javier N., alias \u201cEl Veterano\u201d, un alto mando de la Mara Salvatrucha, en la carretera Teocelo-Baxtla, a 18 kil\u00f3metros de Xalapa, Veracruz. El criminal figuraba entre los diez pr\u00f3fugos m\u00e1s buscados por el FBI, que ofrec\u00eda 250 mil d\u00f3lares por informaci\u00f3n sobre su paradero. [&hellip;]<\/p>\n","protected":false},"author":2,"featured_media":78439,"comment_status":"closed","ping_status":"closed","sticky":false,"template":"","format":"standard","meta":{"footnotes":""},"categories":[34],"tags":[],"class_list":["post-78438","post","type-post","status-publish","format-standard","has-post-thumbnail","hentry","category-nacional"],"_links":{"self":[{"href":"https:\/\/elinformante.mx\/index.php?rest_route=\/wp\/v2\/posts\/78438","targetHints":{"allow":["GET"]}}],"collection":[{"href":"https:\/\/elinformante.mx\/index.php?rest_route=\/wp\/v2\/posts"}],"about":[{"href":"https:\/\/elinformante.mx\/index.php?rest_route=\/wp\/v2\/types\/post"}],"author":[{"embeddable":true,"href":"https:\/\/elinformante.mx\/index.php?rest_route=\/wp\/v2\/users\/2"}],"replies":[{"embeddable":true,"href":"https:\/\/elinformante.mx\/index.php?rest_route=%2Fwp%2Fv2%2Fcomments&post=78438"}],"version-history":[{"count":0,"href":"https:\/\/elinformante.mx\/index.php?rest_route=\/wp\/v2\/posts\/78438\/revisions"}],"wp:featuredmedia":[{"embeddable":true,"href":"https:\/\/elinformante.mx\/index.php?rest_route=\/wp\/v2\/media\/78439"}],"wp:attachment":[{"href":"https:\/\/elinformante.mx\/index.php?rest_route=%2Fwp%2Fv2%2Fmedia&parent=78438"}],"wp:term":[{"taxonomy":"category","embeddable":true,"href":"https:\/\/elinformante.mx\/index.php?rest_route=%2Fwp%2Fv2%2Fcategories&post=78438"},{"taxonomy":"post_tag","embeddable":true,"href":"https:\/\/elinformante.mx\/index.php?rest_route=%2Fwp%2Fv2%2Ftags&post=78438"}],"curies":[{"name":"wp","href":"https:\/\/api.w.org\/{rel}","templated":true}]}}