{"id":78449,"date":"2025-03-18T05:31:32","date_gmt":"2025-03-18T11:31:32","guid":{"rendered":"https:\/\/elinformante.mx\/?p=78449"},"modified":"2025-03-18T05:31:35","modified_gmt":"2025-03-18T11:31:35","slug":"sera-conan-obrien-el-conductor-de-los-premios-oscar-para-el-2026","status":"publish","type":"post","link":"https:\/\/elinformante.mx\/?p=78449","title":{"rendered":"Ser\u00e1 Conan O\u2019Brien el conductor de los Premios Oscar para el 2026"},"content":{"rendered":"\n<figure class=\"wp-block-pullquote\"><blockquote><p>Su participaci\u00f3n gener\u00f3 comentarios favorables, demostrando que fue un gran acierto su participaci\u00f3n.<\/p><\/blockquote><\/figure>\n\n\n\n<p class=\"has-drop-cap\">La Academia de Artes y Ciencias Cinematogr\u00e1ficas confirm\u00f3 que el comediante y presentador Conan O\u2019Brien ser\u00e1 nuevamente el anfitri\u00f3n de la 98 edici\u00f3n de los Premios Oscar, programada para el 15 de marzo de 2026.<br><\/p>\n\n\n\n<p>Este ser\u00e1 su segundo a\u00f1o consecutivo en la conducci\u00f3n de la ceremonia, luego del \u00e9xito de la gala de este a\u00f1o que logr\u00f3 la mayor audiencia de los \u00faltimos cinco a\u00f1os.<br><\/p>\n\n\n\n<p>La decisi\u00f3n de volver a contar con O\u2019Brien no es sorpresiva, ya que su primera vez al frente de los Oscar 2025 result\u00f3 ser un gran acierto. Seg\u00fan la cadena ABC, la transmisi\u00f3n alcanz\u00f3 los 19,7 millones de espectadores en Estados Unidos, consolid\u00e1ndose como la entrega m\u00e1s vista en cinco a\u00f1os.<br><\/p>\n\n\n\n<p>La gala gener\u00f3 104,2 millones de interacciones en redes sociales, superando a eventos como los Premios Grammy (102,2 millones) y el Super Bowl (62,4 millones).<br><\/p>\n\n\n\n<p>El presentador fiel a su estilo, no tard\u00f3 en bromear sobre su regreso. \u201cLa \u00fanica raz\u00f3n por la que presentar\u00e9 los Oscar el a\u00f1o que viene es porque quiero escuchar a Adrien Brody terminar su discurso\u201d, coment\u00f3 O\u2019Brien en un comunicado oficial, haciendo referencia al extenso agradecimiento del actor tras ganar como Mejor Actor por su papel en The Brutalist.<br><\/p>\n\n\n\n<p>Antes de su primera conducci\u00f3n en los premios, Conan O\u2019Brien revel\u00f3 que la Academia impuso ciertas reglas estrictas que limitaban algunos aspectos de su humor. En su podcast Conan O\u2019Brien Needs a Friend, comparti\u00f3 una an\u00e9cdota sobre las restricciones.<br><\/p>\n\n\n\n<p>Explic\u00f3 que una de sus ideas para un sketch fue rechazada. Su equipo hab\u00eda propuesto representar la estatuilla como un ama de casa con delantal sirviendo sobras al presentador, pero la Academia decidi\u00f3 eliminar esa escena.<br><\/p>\n\n\n\n<p>Otra dificultad que enfrent\u00f3 fue la edici\u00f3n de chistes momentos antes de la ceremonia. En una entrevista con E! News, cont\u00f3 que algunos fueron descartados a \u00faltimo momento.<br><\/p>\n\n\n\n<p>\u201cA veces piensas: \u2018Tenemos un buen chiste aqu\u00ed, pero no lo voy a hacer. No se siente bien\u2019. Hicimos muchos cambios detr\u00e1s de escena. Simplemente decides: \u2018Oh, este es un mejor chiste\u2019, o piensas en algo en el momento, y simplemente lo haces\u201d.<br><\/p>\n\n\n\n<p>M\u00e1s all\u00e1 de la improvisaci\u00f3n y el humor que caracteriza a Conan O\u2019Brien, el conductor destac\u00f3 el gran esfuerzo que implica la preparaci\u00f3n de los Oscar.<\/p>\n","protected":false},"excerpt":{"rendered":"<p>Su participaci\u00f3n gener\u00f3 comentarios favorables, demostrando que fue un gran acierto su participaci\u00f3n. La Academia de Artes y Ciencias Cinematogr\u00e1ficas confirm\u00f3 que el comediante y presentador Conan O\u2019Brien ser\u00e1 nuevamente el anfitri\u00f3n de la 98 edici\u00f3n de los Premios Oscar, programada para el 15 de marzo de 2026. Este ser\u00e1 su segundo a\u00f1o consecutivo en [&hellip;]<\/p>\n","protected":false},"author":1,"featured_media":78450,"comment_status":"closed","ping_status":"closed","sticky":false,"template":"","format":"standard","meta":{"footnotes":""},"categories":[30,39],"tags":[],"class_list":["post-78449","post","type-post","status-publish","format-standard","has-post-thumbnail","hentry","category-destacado","category-espectaculos"],"_links":{"self":[{"href":"https:\/\/elinformante.mx\/index.php?rest_route=\/wp\/v2\/posts\/78449","targetHints":{"allow":["GET"]}}],"collection":[{"href":"https:\/\/elinformante.mx\/index.php?rest_route=\/wp\/v2\/posts"}],"about":[{"href":"https:\/\/elinformante.mx\/index.php?rest_route=\/wp\/v2\/types\/post"}],"author":[{"embeddable":true,"href":"https:\/\/elinformante.mx\/index.php?rest_route=\/wp\/v2\/users\/1"}],"replies":[{"embeddable":true,"href":"https:\/\/elinformante.mx\/index.php?rest_route=%2Fwp%2Fv2%2Fcomments&post=78449"}],"version-history":[{"count":0,"href":"https:\/\/elinformante.mx\/index.php?rest_route=\/wp\/v2\/posts\/78449\/revisions"}],"wp:featuredmedia":[{"embeddable":true,"href":"https:\/\/elinformante.mx\/index.php?rest_route=\/wp\/v2\/media\/78450"}],"wp:attachment":[{"href":"https:\/\/elinformante.mx\/index.php?rest_route=%2Fwp%2Fv2%2Fmedia&parent=78449"}],"wp:term":[{"taxonomy":"category","embeddable":true,"href":"https:\/\/elinformante.mx\/index.php?rest_route=%2Fwp%2Fv2%2Fcategories&post=78449"},{"taxonomy":"post_tag","embeddable":true,"href":"https:\/\/elinformante.mx\/index.php?rest_route=%2Fwp%2Fv2%2Ftags&post=78449"}],"curies":[{"name":"wp","href":"https:\/\/api.w.org\/{rel}","templated":true}]}}