{"id":78481,"date":"2025-03-18T06:03:30","date_gmt":"2025-03-18T12:03:30","guid":{"rendered":"https:\/\/elinformante.mx\/?p=78481"},"modified":"2025-03-18T06:03:33","modified_gmt":"2025-03-18T12:03:33","slug":"investigadores-de-la-uaemex-revisan-efecto-de-la-musica-en-actividad-cardiaca-fetal","status":"publish","type":"post","link":"https:\/\/elinformante.mx\/?p=78481","title":{"rendered":"Investigadores de la UAEM\u00e9x revisan efecto de la m\u00fasica en actividad cardiaca fetal"},"content":{"rendered":"\n<figure class=\"wp-block-pullquote\"><blockquote><p>La investigaci\u00f3n es un trabajo multidisciplinario de 11 investigadores y colaboradores de distintas instituciones y expertos en biomedicina, ingenier\u00eda, psicolog\u00eda, audiolog\u00eda, cardiolog\u00eda y salud materno-fetal.<\/p><\/blockquote><\/figure>\n\n\n\n<p class=\"has-drop-cap\">Con el objetivo de visibilizar los efectos positivos de la m\u00fasica en el desarrollo humano, investigadores de la Universidad Aut\u00f3noma del Estado de M\u00e9xico (UAEM\u00e9x), la Universidad Aut\u00f3noma Metropolitana (UAM), el Instituto Nacional de Cardiolog\u00eda y el Hospital Reina Madre realizaron una investigaci\u00f3n sobre los efectos de la m\u00fasica cl\u00e1sica en la din\u00e1mica cardiaca fetal, misma que se public\u00f3 en la revista Chaos del Instituto Americano de F\u00edsica, una de las publicaciones m\u00e1s importantes para la divulgaci\u00f3n cient\u00edfica.<br><\/p>\n\n\n\n<p>La investigaci\u00f3n Response to music on the nonlinear dynamics of human fetal heart rate fluctuations: A recurrence plot analysis es un trabajo multidisciplinario de 11 investigadores y colaboradores de distintas instituciones y expertos en biomedicina, ingenier\u00eda, psicolog\u00eda, audiolog\u00eda, cardiolog\u00eda y salud materno-fetal.<br><\/p>\n\n\n\n<p>El coordinador de la Licenciatura en Bioingenier\u00eda M\u00e9dica e investigador principal, Jos\u00e9 Javier Reyes Lagos, explic\u00f3 que la poblaci\u00f3n analizada fue de 37 mujeres embarazadas que se encontraban entre las 28 y 40 semanas de gestaci\u00f3n, a quienes se coloc\u00f3 sobre el vientre un sensor materno-fetal de cinco canales que obtuvo las se\u00f1ales el\u00e9ctricas card\u00edacas del feto, as\u00ed como del uso de aud\u00edfonos para estimularlas simult\u00e1neamente con m\u00fasica y obtener los datos.<br><\/p>\n\n\n\n<figure class=\"wp-block-image size-large\"><img fetchpriority=\"high\" decoding=\"async\" width=\"1024\" height=\"506\" src=\"https:\/\/elinformante.mx\/wp-content\/uploads\/2025\/03\/10uaemex-2-8-1024x506.jpg\" alt=\"\" class=\"wp-image-78483\" srcset=\"https:\/\/elinformante.mx\/wp-content\/uploads\/2025\/03\/10uaemex-2-8-1024x506.jpg 1024w, https:\/\/elinformante.mx\/wp-content\/uploads\/2025\/03\/10uaemex-2-8-300x148.jpg 300w, https:\/\/elinformante.mx\/wp-content\/uploads\/2025\/03\/10uaemex-2-8-768x379.jpg 768w, https:\/\/elinformante.mx\/wp-content\/uploads\/2025\/03\/10uaemex-2-8.jpg 1140w\" sizes=\"(max-width: 1024px) 100vw, 1024px\" \/><\/figure>\n\n\n\n<p>De igual manera, el profesor investigador de la UAM Lerma, Eric Alonso Abarca Castro, detall\u00f3 que utilizaron dos canciones de m\u00fasica cl\u00e1sica: \u201cEl cisne\u201d, compuesta por el franc\u00e9s Camille Saint-Sa\u00ebns, y \u201cArpa de oro\u201d, del compositor mexicano Abundio Mart\u00ednez, las cuales fueron reproducidas en un ambiente herm\u00e9tico y tranquilo para las madres.<br><\/p>\n\n\n\n<p>As\u00ed mismo, el colaborador y director de la Facultad de Medicina de la Aut\u00f3noma mexiquense, Hugo Mendieta Zer\u00f3n, mencion\u00f3 que la publicaci\u00f3n del estudio en una revista como Chaos atrajo una atenci\u00f3n global inmediata, pues tuvo r\u00e9plica en medios de distintos pa\u00edses como Brasil, Estados Unidos, Rusia, China y Espa\u00f1a.<br><\/p>\n\n\n\n<p>Entre los coautores y coautoras se encuentran Juan Carlos Santiago N\u00fa\u00f1ez, Luis Emilio Reyes Mendoza, Ximena Gonz\u00e1lez Reyes, Migdania Mart\u00ednez Madrigal, Claudia Lerma, Ana Karen Talavera Pe\u00f1a, Juan Carlos Echeverr\u00eda y Sara Avil\u00e9s Hern\u00e1ndez.<\/p>\n","protected":false},"excerpt":{"rendered":"<p>La investigaci\u00f3n es un trabajo multidisciplinario de 11 investigadores y colaboradores de distintas instituciones y expertos en biomedicina, ingenier\u00eda, psicolog\u00eda, audiolog\u00eda, cardiolog\u00eda y salud materno-fetal. Con el objetivo de visibilizar los efectos positivos de la m\u00fasica en el desarrollo humano, investigadores de la Universidad Aut\u00f3noma del Estado de M\u00e9xico (UAEM\u00e9x), la Universidad Aut\u00f3noma Metropolitana (UAM), [&hellip;]<\/p>\n","protected":false},"author":1,"featured_media":78482,"comment_status":"closed","ping_status":"closed","sticky":false,"template":"","format":"standard","meta":{"footnotes":""},"categories":[30,36],"tags":[],"class_list":["post-78481","post","type-post","status-publish","format-standard","has-post-thumbnail","hentry","category-destacado","category-edomex"],"_links":{"self":[{"href":"https:\/\/elinformante.mx\/index.php?rest_route=\/wp\/v2\/posts\/78481","targetHints":{"allow":["GET"]}}],"collection":[{"href":"https:\/\/elinformante.mx\/index.php?rest_route=\/wp\/v2\/posts"}],"about":[{"href":"https:\/\/elinformante.mx\/index.php?rest_route=\/wp\/v2\/types\/post"}],"author":[{"embeddable":true,"href":"https:\/\/elinformante.mx\/index.php?rest_route=\/wp\/v2\/users\/1"}],"replies":[{"embeddable":true,"href":"https:\/\/elinformante.mx\/index.php?rest_route=%2Fwp%2Fv2%2Fcomments&post=78481"}],"version-history":[{"count":0,"href":"https:\/\/elinformante.mx\/index.php?rest_route=\/wp\/v2\/posts\/78481\/revisions"}],"wp:featuredmedia":[{"embeddable":true,"href":"https:\/\/elinformante.mx\/index.php?rest_route=\/wp\/v2\/media\/78482"}],"wp:attachment":[{"href":"https:\/\/elinformante.mx\/index.php?rest_route=%2Fwp%2Fv2%2Fmedia&parent=78481"}],"wp:term":[{"taxonomy":"category","embeddable":true,"href":"https:\/\/elinformante.mx\/index.php?rest_route=%2Fwp%2Fv2%2Fcategories&post=78481"},{"taxonomy":"post_tag","embeddable":true,"href":"https:\/\/elinformante.mx\/index.php?rest_route=%2Fwp%2Fv2%2Ftags&post=78481"}],"curies":[{"name":"wp","href":"https:\/\/api.w.org\/{rel}","templated":true}]}}