{"id":78565,"date":"2025-03-19T05:33:18","date_gmt":"2025-03-19T11:33:18","guid":{"rendered":"https:\/\/elinformante.mx\/?p=78565"},"modified":"2025-03-19T05:33:20","modified_gmt":"2025-03-19T11:33:20","slug":"aseguran-que-elton-john-ya-no-puede-firmar-autografos","status":"publish","type":"post","link":"https:\/\/elinformante.mx\/?p=78565","title":{"rendered":"Aseguran que Elton John ya no puede firmar aut\u00f3grafos"},"content":{"rendered":"\n<figure class=\"wp-block-pullquote\"><blockquote><p>El cantante brit\u00e1nico hab\u00eda anunciado que en julio del 2024 hab\u00eda contra\u00eddo una infecci\u00f3n en el ojo y esto origin\u00f3 la p\u00e9rdida parcial de su visi\u00f3n.<\/p><\/blockquote><\/figure>\n\n\n\n<p class=\"has-drop-cap\">El cantante brit\u00e1nico Elton John es uno de los m\u00e1s importantes del mundo, pero el medio brit\u00e1nico The Sun asegur\u00f3 que ha perdido la visi\u00f3n de uno de sus ojos por lo que ahora se le dificulta firmar a aut\u00f3grafos.<br><\/p>\n\n\n\n<p>Tras estos sucesos lamentables el cantante habr\u00eda adaptado por firmar \u00fanicamente con la letra \u201cE\u201d los aut\u00f3grafos que les otorga a sus fan\u00e1ticos. Como se recuerda en julio de 2024, Elton John sufri\u00f3 de una infecci\u00f3n ocular, cuando se encontraba de vacaciones en Francia lo cual tuvo devastadores efectos secundarios en su salud, pues perdi\u00f3 la visi\u00f3n en su ojo derecho.<br><\/p>\n\n\n\n<p>\u200bAdmiti\u00f3 en diciembre de 2024 que \u201cha perdido visi\u00f3n\u201d y que ello le ha impedido ver su nuevo musical, The Devil Wears Prada (\u2018El diablo se viste de Prada\u2019).<br><\/p>\n\n\n\n<p>Con 77 a\u00f1os de vida, el cantante hizo esas declaraciones durante la gala de estreno del musical de cuya m\u00fasica es responsable. John tambi\u00e9n dio las gracias a su marido, David Furnish, por haber sido su \u201croca\u201d.<br><\/p>\n\n\n\n<p>\u201cNo he podido venir a muchos de los pases del musical porque, como saben, he perdido la visi\u00f3n. As\u00ed que me resulta dif\u00edcil verlo, pero me encanta escuchar y hoy sonaba bien\u201d, dijo.<br><\/p>\n\n\n\n<p>La \u00faltima actuaci\u00f3n de Elton John se produjo en 2023 durante el festival de m\u00fasica de Glastonbury, que marc\u00f3 su \u00faltimo concierto en el Reino Unido como parte de una gira de despedida, el \u2018Farewell Yellow Brick Road tour\u2019, que cerr\u00f3 en Estocolmo.<br><\/p>\n\n\n\n<p>El cantante brit\u00e1nico Elton John anunci\u00f3 en febrero un nuevo \u00e1lbum de estudio que se publicar\u00e1 en abril, un a\u00f1o y medio despu\u00e9s de terminar una gira mundial de despedida.<br><\/p>\n\n\n\n<p>El \u00e1lbum, llamado \u201cWho Believes in Angels?\u201d (\u201c\u00bfQui\u00e9n cree en los \u00e1ngeles?\u201d) es una colaboraci\u00f3n con la cantante estadounidense Brandi Carlile y est\u00e1 coescrito por Bernie Taupin, que trabaja con \u00e9l desde hace d\u00e9cadas.<br><\/p>\n\n\n\n<p>El cantante de 77 a\u00f1os lo describi\u00f3 como \u201cuno de las m\u00e1s duros que he hecho\u201d. Fue escrito y grabado en 20 d\u00edas en octubre de 2023 en el estudio Sunset Sound en Los \u00c1ngeles, poco despu\u00e9s del final de la gira de despedida. El \u00e1lbum ser\u00e1 publicado por Island EMI Records el 4 de abril.<\/p>\n","protected":false},"excerpt":{"rendered":"<p>El cantante brit\u00e1nico hab\u00eda anunciado que en julio del 2024 hab\u00eda contra\u00eddo una infecci\u00f3n en el ojo y esto origin\u00f3 la p\u00e9rdida parcial de su visi\u00f3n. El cantante brit\u00e1nico Elton John es uno de los m\u00e1s importantes del mundo, pero el medio brit\u00e1nico The Sun asegur\u00f3 que ha perdido la visi\u00f3n de uno de sus [&hellip;]<\/p>\n","protected":false},"author":1,"featured_media":78566,"comment_status":"closed","ping_status":"closed","sticky":false,"template":"","format":"standard","meta":{"footnotes":""},"categories":[30,39],"tags":[],"class_list":["post-78565","post","type-post","status-publish","format-standard","has-post-thumbnail","hentry","category-destacado","category-espectaculos"],"_links":{"self":[{"href":"https:\/\/elinformante.mx\/index.php?rest_route=\/wp\/v2\/posts\/78565","targetHints":{"allow":["GET"]}}],"collection":[{"href":"https:\/\/elinformante.mx\/index.php?rest_route=\/wp\/v2\/posts"}],"about":[{"href":"https:\/\/elinformante.mx\/index.php?rest_route=\/wp\/v2\/types\/post"}],"author":[{"embeddable":true,"href":"https:\/\/elinformante.mx\/index.php?rest_route=\/wp\/v2\/users\/1"}],"replies":[{"embeddable":true,"href":"https:\/\/elinformante.mx\/index.php?rest_route=%2Fwp%2Fv2%2Fcomments&post=78565"}],"version-history":[{"count":0,"href":"https:\/\/elinformante.mx\/index.php?rest_route=\/wp\/v2\/posts\/78565\/revisions"}],"wp:featuredmedia":[{"embeddable":true,"href":"https:\/\/elinformante.mx\/index.php?rest_route=\/wp\/v2\/media\/78566"}],"wp:attachment":[{"href":"https:\/\/elinformante.mx\/index.php?rest_route=%2Fwp%2Fv2%2Fmedia&parent=78565"}],"wp:term":[{"taxonomy":"category","embeddable":true,"href":"https:\/\/elinformante.mx\/index.php?rest_route=%2Fwp%2Fv2%2Fcategories&post=78565"},{"taxonomy":"post_tag","embeddable":true,"href":"https:\/\/elinformante.mx\/index.php?rest_route=%2Fwp%2Fv2%2Ftags&post=78565"}],"curies":[{"name":"wp","href":"https:\/\/api.w.org\/{rel}","templated":true}]}}