{"id":78571,"date":"2025-03-19T05:35:19","date_gmt":"2025-03-19T11:35:19","guid":{"rendered":"https:\/\/elinformante.mx\/?p=78571"},"modified":"2025-03-19T05:35:23","modified_gmt":"2025-03-19T11:35:23","slug":"listo-daniel-suarez-en-la-nascar","status":"publish","type":"post","link":"https:\/\/elinformante.mx\/?p=78571","title":{"rendered":"Listo Daniel Su\u00e1rez en la NASCAR"},"content":{"rendered":"\n<figure class=\"wp-block-pullquote\"><blockquote><p>Se muestra listo para llenar el hueco de Checo P\u00e9rez en el automovilismo mexicano<\/p><\/blockquote><\/figure>\n\n\n\n<p class=\"has-drop-cap\">El piloto mexicano corre en NASCAR con Trackhouse Racing Team, y est\u00e1 consciente de la responsabilidad que recaer\u00e1 sobre \u00e9l ahora que Sergio P\u00e9rez no correr\u00e1 en la F\u00f3rmula 1, luego de no tener asiento para la temporada 2025.<br><\/p>\n\n\n\n<p>Afirm\u00f3 sentirse orgulloso de esta responsabilidad, se\u00f1al\u00f3 que quiere mucho al piloto tapat\u00edo, porque es su amigo, adem\u00e1s de admirarlo por lo que ha hecho durante una d\u00e9cada, pero ahora que no correr\u00e1, se sabe que los ojos se posaran sobre \u00e9l y la NASCAR, as\u00ed que siendo el \u00fanico mexicano en esta temporada, se llena de alegr\u00eda y nerviosismo.<br><\/p>\n\n\n\n<p>El piloto de Monterrey dijo que Checo deja un enorme hueco en el automovilismo mexicano ahora que no estar\u00e1 compitiendo y por ello sabe que muchos connacionales estar\u00e1n mirando otras categor\u00edas, ya que hay pilotos aztecas en Indycar (Pato O\u00b4Ward) y F\u00f3rmula 3 (Santiago Ramos).<br><\/p>\n\n\n\n<figure class=\"wp-block-image size-large\"><img fetchpriority=\"high\" decoding=\"async\" width=\"1024\" height=\"506\" src=\"https:\/\/elinformante.mx\/wp-content\/uploads\/2025\/03\/14listo-1024x506.jpg\" alt=\"\" class=\"wp-image-78573\" srcset=\"https:\/\/elinformante.mx\/wp-content\/uploads\/2025\/03\/14listo-1024x506.jpg 1024w, https:\/\/elinformante.mx\/wp-content\/uploads\/2025\/03\/14listo-300x148.jpg 300w, https:\/\/elinformante.mx\/wp-content\/uploads\/2025\/03\/14listo-768x379.jpg 768w, https:\/\/elinformante.mx\/wp-content\/uploads\/2025\/03\/14listo.jpg 1140w\" sizes=\"(max-width: 1024px) 100vw, 1024px\" \/><\/figure>\n\n\n\n<p>\u201cEs grand\u00edsimo, no quer\u00eda que Checo dejara de correr, tiene mucho que dar, \u00e9l est\u00e1 dejando un hueco grande en el automovilismo mexicano, todo pasa por algo y pensando que el mundo de NASCAR llegar\u00e1 a la Ciudad de M\u00e9xico cuando Checo no estar\u00e1 en F1 es una coincidencia, pero es algo grande que muchos mexicanos estar\u00e1n volteando ver a otras categor\u00edas\u201d.<br><\/p>\n\n\n\n<p>Daniel tiene 33 a\u00f1os y est\u00e1 seguro que el mejor momento de su carrera como piloto est\u00e1 por llegar y por ello le entusiasma poder correr en el Aut\u00f3dromo Hermanos Rodr\u00edguez en junio, ya que se siente listo para el desaf\u00edo que representa correr en su pa\u00eds.<br><\/p>\n\n\n\n<p>\u201cEl mejor momento de mi carrera est\u00e1 por venir, acabo de cumplir 33 a\u00f1os, tengo una carrera por delante, en este momento el poder ir a la Ciudad de M\u00e9xico me siento preparado, estoy en esa balanza donde tengo de todo, si esta carrera hubiera pasado hace tres a\u00f1os, no estar\u00eda listo\u201d.<\/p>\n","protected":false},"excerpt":{"rendered":"<p>Se muestra listo para llenar el hueco de Checo P\u00e9rez en el automovilismo mexicano El piloto mexicano corre en NASCAR con Trackhouse Racing Team, y est\u00e1 consciente de la responsabilidad que recaer\u00e1 sobre \u00e9l ahora que Sergio P\u00e9rez no correr\u00e1 en la F\u00f3rmula 1, luego de no tener asiento para la temporada 2025. Afirm\u00f3 sentirse [&hellip;]<\/p>\n","protected":false},"author":1,"featured_media":78572,"comment_status":"closed","ping_status":"closed","sticky":false,"template":"","format":"standard","meta":{"footnotes":""},"categories":[38,30],"tags":[],"class_list":["post-78571","post","type-post","status-publish","format-standard","has-post-thumbnail","hentry","category-deportes","category-destacado"],"_links":{"self":[{"href":"https:\/\/elinformante.mx\/index.php?rest_route=\/wp\/v2\/posts\/78571","targetHints":{"allow":["GET"]}}],"collection":[{"href":"https:\/\/elinformante.mx\/index.php?rest_route=\/wp\/v2\/posts"}],"about":[{"href":"https:\/\/elinformante.mx\/index.php?rest_route=\/wp\/v2\/types\/post"}],"author":[{"embeddable":true,"href":"https:\/\/elinformante.mx\/index.php?rest_route=\/wp\/v2\/users\/1"}],"replies":[{"embeddable":true,"href":"https:\/\/elinformante.mx\/index.php?rest_route=%2Fwp%2Fv2%2Fcomments&post=78571"}],"version-history":[{"count":0,"href":"https:\/\/elinformante.mx\/index.php?rest_route=\/wp\/v2\/posts\/78571\/revisions"}],"wp:featuredmedia":[{"embeddable":true,"href":"https:\/\/elinformante.mx\/index.php?rest_route=\/wp\/v2\/media\/78572"}],"wp:attachment":[{"href":"https:\/\/elinformante.mx\/index.php?rest_route=%2Fwp%2Fv2%2Fmedia&parent=78571"}],"wp:term":[{"taxonomy":"category","embeddable":true,"href":"https:\/\/elinformante.mx\/index.php?rest_route=%2Fwp%2Fv2%2Fcategories&post=78571"},{"taxonomy":"post_tag","embeddable":true,"href":"https:\/\/elinformante.mx\/index.php?rest_route=%2Fwp%2Fv2%2Ftags&post=78571"}],"curies":[{"name":"wp","href":"https:\/\/api.w.org\/{rel}","templated":true}]}}