{"id":78575,"date":"2025-03-19T05:36:28","date_gmt":"2025-03-19T11:36:28","guid":{"rendered":"https:\/\/elinformante.mx\/?p=78575"},"modified":"2025-03-19T05:36:30","modified_gmt":"2025-03-19T11:36:30","slug":"detienen-a-sergio-n-por-el-delito-de-violacion-registrada-en-naucalpan","status":"publish","type":"post","link":"https:\/\/elinformante.mx\/?p=78575","title":{"rendered":"Detienen a Sergio \u201cN\u201d por el delito de violaci\u00f3n registrada en Naucalpan"},"content":{"rendered":"\n<figure class=\"wp-block-pullquote\"><blockquote><p>El probable implicado qued\u00f3 a disposici\u00f3n de la Autoridad Judicial en el Centro Penitenciario y de Reinserci\u00f3n Social de Tlalnepantla, quien determinar\u00e1 su situaci\u00f3n jur\u00eddica.<\/p><\/blockquote><\/figure>\n\n\n\n<p class=\"has-drop-cap\">Agentes de la FGJEM cumplimentan orden de aprehensi\u00f3n en contra de Sergio \u201cN\u201d de 34 a\u00f1os, se\u00f1alado por su probable intervenci\u00f3n en el delito de violaci\u00f3n agravada, en agravio de una v\u00edctima mayor de edad.<br><\/p>\n\n\n\n<p>Este individuo fue capturado en la colonia San Mateo Nopala e ingresado al Centro Penitenciario y de Reinserci\u00f3n Social Lic. Juan Fern\u00e1ndez Albarr\u00e1n en Tlalnepantla, a disposici\u00f3n de la Autoridad Judicial, quien habr\u00e1 de determinar su situaci\u00f3n legal.<br><\/p>\n\n\n\n<p>Se precis\u00f3 que el 20 de octubre del a\u00f1o 2024, la v\u00edctima se encontraba al interior de un domicilio ubicado en el municipio de Naucalpan, donde habr\u00eda sido sometida por el probable implicado, quien presumiblemente la agredi\u00f3 sexualmente y la amenaz\u00f3 con causarle da\u00f1o a su familia si contaba lo ocurrido.<br><\/p>\n\n\n\n<p>Al tener conocimiento de los hechos, se inicio la investigaci\u00f3n, permitiendo al Ministerio P\u00fablico y a la Autoridad Judicial liberar la orden de aprehensi\u00f3n en su contra.<\/p>\n\n\n\n<p><\/p>\n","protected":false},"excerpt":{"rendered":"<p>El probable implicado qued\u00f3 a disposici\u00f3n de la Autoridad Judicial en el Centro Penitenciario y de Reinserci\u00f3n Social de Tlalnepantla, quien determinar\u00e1 su situaci\u00f3n jur\u00eddica. Agentes de la FGJEM cumplimentan orden de aprehensi\u00f3n en contra de Sergio \u201cN\u201d de 34 a\u00f1os, se\u00f1alado por su probable intervenci\u00f3n en el delito de violaci\u00f3n agravada, en agravio de [&hellip;]<\/p>\n","protected":false},"author":1,"featured_media":78576,"comment_status":"closed","ping_status":"closed","sticky":false,"template":"","format":"standard","meta":{"footnotes":""},"categories":[36,37],"tags":[],"class_list":["post-78575","post","type-post","status-publish","format-standard","has-post-thumbnail","hentry","category-edomex","category-justicia"],"_links":{"self":[{"href":"https:\/\/elinformante.mx\/index.php?rest_route=\/wp\/v2\/posts\/78575","targetHints":{"allow":["GET"]}}],"collection":[{"href":"https:\/\/elinformante.mx\/index.php?rest_route=\/wp\/v2\/posts"}],"about":[{"href":"https:\/\/elinformante.mx\/index.php?rest_route=\/wp\/v2\/types\/post"}],"author":[{"embeddable":true,"href":"https:\/\/elinformante.mx\/index.php?rest_route=\/wp\/v2\/users\/1"}],"replies":[{"embeddable":true,"href":"https:\/\/elinformante.mx\/index.php?rest_route=%2Fwp%2Fv2%2Fcomments&post=78575"}],"version-history":[{"count":0,"href":"https:\/\/elinformante.mx\/index.php?rest_route=\/wp\/v2\/posts\/78575\/revisions"}],"wp:featuredmedia":[{"embeddable":true,"href":"https:\/\/elinformante.mx\/index.php?rest_route=\/wp\/v2\/media\/78576"}],"wp:attachment":[{"href":"https:\/\/elinformante.mx\/index.php?rest_route=%2Fwp%2Fv2%2Fmedia&parent=78575"}],"wp:term":[{"taxonomy":"category","embeddable":true,"href":"https:\/\/elinformante.mx\/index.php?rest_route=%2Fwp%2Fv2%2Fcategories&post=78575"},{"taxonomy":"post_tag","embeddable":true,"href":"https:\/\/elinformante.mx\/index.php?rest_route=%2Fwp%2Fv2%2Ftags&post=78575"}],"curies":[{"name":"wp","href":"https:\/\/api.w.org\/{rel}","templated":true}]}}