{"id":78581,"date":"2025-03-19T05:38:58","date_gmt":"2025-03-19T11:38:58","guid":{"rendered":"https:\/\/elinformante.mx\/?p=78581"},"modified":"2025-03-19T05:39:03","modified_gmt":"2025-03-19T11:39:03","slug":"aprehenden-a-tres-sujetos-por-su-probable-participacion-en-delitos-de-homicidios","status":"publish","type":"post","link":"https:\/\/elinformante.mx\/?p=78581","title":{"rendered":"Aprehenden a tres sujetos por su probable participaci\u00f3n en delitos de homicidios"},"content":{"rendered":"\n<figure class=\"wp-block-pullquote\"><blockquote><p>En acciones distintas, la FGJEM, elementos de DEFENSA, GN y SSEM, aprehendieron a tres probables implicados en homicidios registrados en los municipios de Coacalco y Nezahualc\u00f3yotl.<\/p><\/blockquote><\/figure>\n\n\n\n<p class=\"has-drop-cap\">Elementos de la Polic\u00eda de Investigaci\u00f3n y autoridades federales y estatales aprehendieron en el municipio de Cuautitl\u00e1n Izcalli a Ian Vaslav \u201cN\u201d, se\u00f1alado por su probable intervenci\u00f3n en el homicidio de dos masculinos el pasado 17 de noviembre en la colonia Villa de Las Flores, en Coacalco, las v\u00edctimas viajaban a bordo de una motocicleta y fueron interceptadas por el ahora detenido y otro sujeto, quienes les habr\u00edan disparado con un arma de fuego, ocasion\u00e1ndoles la muerte y luego huyeron.<br><\/p>\n\n\n\n<p>En otro caso tambi\u00e9n fueron aprehendieron adem\u00e1s a Erick Brandon \u201cN\u201d y a V\u00edctor \u201cN\u201d, investigados por el homicidio de un hombre, cuando el 5 de marzo de este a\u00f1o, la v\u00edctima se encontraba afuera de una tienda de conveniencia ubicada en la avenida M\u00e9xico, de la colonia Ra\u00fal Romero en el municipio de Nezahualc\u00f3yotl, sitio al que arribaron los ahora detenidos; uno de ellos al tener a la vista a esta persona, presumiblemente deton\u00f3 un arma de fuego en su contra caus\u00e1ndole la muerte.<br><\/p>\n\n\n\n<p>Ian Vaslav \u201cN\u201d fue ingresado al Centro Penitenciario y de Reinserci\u00f3n Social de Ecatepec, en tanto que Erick Brandon \u201cN\u201d y V\u00edctor \u201cN\u201d al Penal de Nezahualc\u00f3yotl, a disposici\u00f3n de la Autoridad Judicial, quien determinar\u00e1 su situaci\u00f3n jur\u00eddica, sin embargo, deben ser considerados inocentes hasta que sea dictada una sentencia condenatoria en su contra.<\/p>\n","protected":false},"excerpt":{"rendered":"<p>En acciones distintas, la FGJEM, elementos de DEFENSA, GN y SSEM, aprehendieron a tres probables implicados en homicidios registrados en los municipios de Coacalco y Nezahualc\u00f3yotl. Elementos de la Polic\u00eda de Investigaci\u00f3n y autoridades federales y estatales aprehendieron en el municipio de Cuautitl\u00e1n Izcalli a Ian Vaslav \u201cN\u201d, se\u00f1alado por su probable intervenci\u00f3n en el [&hellip;]<\/p>\n","protected":false},"author":1,"featured_media":78582,"comment_status":"closed","ping_status":"closed","sticky":false,"template":"","format":"standard","meta":{"footnotes":""},"categories":[30,36,37],"tags":[],"class_list":["post-78581","post","type-post","status-publish","format-standard","has-post-thumbnail","hentry","category-destacado","category-edomex","category-justicia"],"_links":{"self":[{"href":"https:\/\/elinformante.mx\/index.php?rest_route=\/wp\/v2\/posts\/78581","targetHints":{"allow":["GET"]}}],"collection":[{"href":"https:\/\/elinformante.mx\/index.php?rest_route=\/wp\/v2\/posts"}],"about":[{"href":"https:\/\/elinformante.mx\/index.php?rest_route=\/wp\/v2\/types\/post"}],"author":[{"embeddable":true,"href":"https:\/\/elinformante.mx\/index.php?rest_route=\/wp\/v2\/users\/1"}],"replies":[{"embeddable":true,"href":"https:\/\/elinformante.mx\/index.php?rest_route=%2Fwp%2Fv2%2Fcomments&post=78581"}],"version-history":[{"count":0,"href":"https:\/\/elinformante.mx\/index.php?rest_route=\/wp\/v2\/posts\/78581\/revisions"}],"wp:featuredmedia":[{"embeddable":true,"href":"https:\/\/elinformante.mx\/index.php?rest_route=\/wp\/v2\/media\/78582"}],"wp:attachment":[{"href":"https:\/\/elinformante.mx\/index.php?rest_route=%2Fwp%2Fv2%2Fmedia&parent=78581"}],"wp:term":[{"taxonomy":"category","embeddable":true,"href":"https:\/\/elinformante.mx\/index.php?rest_route=%2Fwp%2Fv2%2Fcategories&post=78581"},{"taxonomy":"post_tag","embeddable":true,"href":"https:\/\/elinformante.mx\/index.php?rest_route=%2Fwp%2Fv2%2Ftags&post=78581"}],"curies":[{"name":"wp","href":"https:\/\/api.w.org\/{rel}","templated":true}]}}