{"id":78590,"date":"2025-03-19T05:51:10","date_gmt":"2025-03-19T11:51:10","guid":{"rendered":"https:\/\/elinformante.mx\/?p=78590"},"modified":"2025-03-19T05:53:17","modified_gmt":"2025-03-19T11:53:17","slug":"toluca-da-pasos-firmes-para-consolidar-la-paz-en-el-municipio","status":"publish","type":"post","link":"https:\/\/elinformante.mx\/?p=78590","title":{"rendered":"Toluca da pasos firmes para consolidar la paz en el municipio"},"content":{"rendered":"\n<figure class=\"wp-block-pullquote\"><blockquote><p>Ricardo Moreno firma Dec\u00e1logo por la Unidad y la Paz, como un compromiso para fomentar el di\u00e1logo y la mediaci\u00f3n en todo el territorio municipal<\/p><\/blockquote><\/figure>\n\n\n\n<p class=\"has-drop-cap\">El Presidente Municipal de Toluca, Ricardo Moreno Bastida, present\u00f3 el Dec\u00e1logo por la Unidad y la Paz como un primer paso para consolidar la paz en la capital mexiquense.<br><\/p>\n\n\n\n<p>Durante la jornada para la integraci\u00f3n del primer Comit\u00e9 del municipio que estar\u00e1 ubicado en el Mercado Ju\u00e1rez para lograr la paz, Moreno Bastida se\u00f1al\u00f3 que Toluca antepondr\u00e1 el di\u00e1logo, la mediaci\u00f3n y la participaci\u00f3n de las personas como herramientas para resolver conflictos y, con ello, evitar la violencia, al trabajar en equipo gobierno y ciudadan\u00eda.<br><\/p>\n\n\n\n<p>Asegur\u00f3 que en este esfuerzo compartido, el Plan de Desarrollo Municipal tiene un papel central para la construcci\u00f3n de la paz y la seguridad en favor de un ambiente pac\u00edfico en todas las delegaciones y colonias que forman parte del municipio; por ello, el gobierno local promover\u00e1 una cultura de paz y convivencia respetuosa que fortalezca la promoci\u00f3n y el ejercicio de los derechos fundamentales.<br><\/p>\n\n\n\n<p>Moreno Bastida hizo un llamado a la poblaci\u00f3n para ser parte de esta cultura de paz que tanto necesita Toluca, y que solo podr\u00e1 alcanzarse al trabajar en unidad comenzando desde las familias con peque\u00f1as acciones como una palabra amable, un acuerdo entre vecinos o una mano, por lo cual las personas son fundamentales para hacer de Toluca un lugar donde las diferencias unan en lugar de dividir.<br><\/p>\n\n\n\n<p>La directora general de Bienestar, Roc\u00edo Merlos N\u00e1jera, se\u00f1al\u00f3 que se establecer\u00e1n Comit\u00e9s por cada delegaci\u00f3n para reconstruir el tejido social y tener una Toluca segura, pac\u00edfica y unida; mientras que la titular de la Unidad de Ambientes de Paz, Juritzy Nute Sant\u00edn, ahond\u00f3 que los Comit\u00e9s son espacios donde las personas podr\u00e1n reunirse y resolver controversias de manera tranquila y ordenada, al fomentar la comunicaci\u00f3n, empat\u00eda, di\u00e1logo, solidaridad y sana convivencia.<br><\/p>\n\n\n\n<p>La encargada de leer el Dec\u00e1logo fue Mar\u00eda Ana Gonz\u00e1lez Hermita\u00f1o, representante ind\u00edgena ante el Ayuntamiento.<\/p>\n\n\n\n<p><\/p>\n","protected":false},"excerpt":{"rendered":"<p>Ricardo Moreno firma Dec\u00e1logo por la Unidad y la Paz, como un compromiso para fomentar el di\u00e1logo y la mediaci\u00f3n en todo el territorio municipal El Presidente Municipal de Toluca, Ricardo Moreno Bastida, present\u00f3 el Dec\u00e1logo por la Unidad y la Paz como un primer paso para consolidar la paz en la capital mexiquense. Durante [&hellip;]<\/p>\n","protected":false},"author":1,"featured_media":78591,"comment_status":"closed","ping_status":"closed","sticky":false,"template":"","format":"standard","meta":{"footnotes":""},"categories":[36],"tags":[],"class_list":["post-78590","post","type-post","status-publish","format-standard","has-post-thumbnail","hentry","category-edomex"],"_links":{"self":[{"href":"https:\/\/elinformante.mx\/index.php?rest_route=\/wp\/v2\/posts\/78590","targetHints":{"allow":["GET"]}}],"collection":[{"href":"https:\/\/elinformante.mx\/index.php?rest_route=\/wp\/v2\/posts"}],"about":[{"href":"https:\/\/elinformante.mx\/index.php?rest_route=\/wp\/v2\/types\/post"}],"author":[{"embeddable":true,"href":"https:\/\/elinformante.mx\/index.php?rest_route=\/wp\/v2\/users\/1"}],"replies":[{"embeddable":true,"href":"https:\/\/elinformante.mx\/index.php?rest_route=%2Fwp%2Fv2%2Fcomments&post=78590"}],"version-history":[{"count":0,"href":"https:\/\/elinformante.mx\/index.php?rest_route=\/wp\/v2\/posts\/78590\/revisions"}],"wp:featuredmedia":[{"embeddable":true,"href":"https:\/\/elinformante.mx\/index.php?rest_route=\/wp\/v2\/media\/78591"}],"wp:attachment":[{"href":"https:\/\/elinformante.mx\/index.php?rest_route=%2Fwp%2Fv2%2Fmedia&parent=78590"}],"wp:term":[{"taxonomy":"category","embeddable":true,"href":"https:\/\/elinformante.mx\/index.php?rest_route=%2Fwp%2Fv2%2Fcategories&post=78590"},{"taxonomy":"post_tag","embeddable":true,"href":"https:\/\/elinformante.mx\/index.php?rest_route=%2Fwp%2Fv2%2Ftags&post=78590"}],"curies":[{"name":"wp","href":"https:\/\/api.w.org\/{rel}","templated":true}]}}