{"id":78598,"date":"2025-03-19T05:59:34","date_gmt":"2025-03-19T11:59:34","guid":{"rendered":"https:\/\/elinformante.mx\/?p=78598"},"modified":"2025-03-19T05:59:37","modified_gmt":"2025-03-19T11:59:37","slug":"crea-pjedomex-comite-interno-de-transicion-para-operatividad-de-reforma-judicial","status":"publish","type":"post","link":"https:\/\/elinformante.mx\/?p=78598","title":{"rendered":"Crea PJEdom\u00e9x Comit\u00e9 Interno de Transici\u00f3n para operatividad de Reforma Judicial"},"content":{"rendered":"\n<figure class=\"wp-block-pullquote\"><blockquote><p>El Poder Judicial reitera su convicci\u00f3n de cumplir a cabalidad con las determinaciones constitucionales.<\/p><\/blockquote><\/figure>\n\n\n\n<p class=\"has-drop-cap\">A fin de dar cumplimiento al Art\u00edculo Noveno Transitorio del Decreto 63 del Poder Ejecutivo del Estado en materia de reforma al Poder Judicial, se aprob\u00f3 el Acuerdo por el que se crea el Comit\u00e9 Interno de Transici\u00f3n del Poder Judicial del Estado de M\u00e9xico.<br><\/p>\n\n\n\n<p>Dicha instancia estar\u00e1 a cargo de la ejecuci\u00f3n del Plan de trabajo dise\u00f1ado para garantizar una transici\u00f3n ordenada, transparente y congruente con las disposiciones constitucionales, que atienda la reingenier\u00eda para dar paso a la separaci\u00f3n de funciones administrativas y de disciplina del propio Consejo.<br><\/p>\n\n\n\n<p>Los procesos a cargo del Comit\u00e9, tienden a propiciar el inicio de funciones tanto del \u00d3rgano de Administraci\u00f3n Judicial como del Tribunal de Disciplina Judicial.<br><\/p>\n\n\n\n<p>Con estas acciones, el Poder Judicial del Estado de M\u00e9xico reitera su convicci\u00f3n de cumplir a cabalidad con las determinaciones constitucionales en materia de reforma judicial y dar cauce a la evoluci\u00f3n del sistema de justicia en el Estado de M\u00e9xico.<\/p>\n","protected":false},"excerpt":{"rendered":"<p>El Poder Judicial reitera su convicci\u00f3n de cumplir a cabalidad con las determinaciones constitucionales. A fin de dar cumplimiento al Art\u00edculo Noveno Transitorio del Decreto 63 del Poder Ejecutivo del Estado en materia de reforma al Poder Judicial, se aprob\u00f3 el Acuerdo por el que se crea el Comit\u00e9 Interno de Transici\u00f3n del Poder Judicial [&hellip;]<\/p>\n","protected":false},"author":1,"featured_media":78599,"comment_status":"closed","ping_status":"closed","sticky":false,"template":"","format":"standard","meta":{"footnotes":""},"categories":[36],"tags":[],"class_list":["post-78598","post","type-post","status-publish","format-standard","has-post-thumbnail","hentry","category-edomex"],"_links":{"self":[{"href":"https:\/\/elinformante.mx\/index.php?rest_route=\/wp\/v2\/posts\/78598","targetHints":{"allow":["GET"]}}],"collection":[{"href":"https:\/\/elinformante.mx\/index.php?rest_route=\/wp\/v2\/posts"}],"about":[{"href":"https:\/\/elinformante.mx\/index.php?rest_route=\/wp\/v2\/types\/post"}],"author":[{"embeddable":true,"href":"https:\/\/elinformante.mx\/index.php?rest_route=\/wp\/v2\/users\/1"}],"replies":[{"embeddable":true,"href":"https:\/\/elinformante.mx\/index.php?rest_route=%2Fwp%2Fv2%2Fcomments&post=78598"}],"version-history":[{"count":0,"href":"https:\/\/elinformante.mx\/index.php?rest_route=\/wp\/v2\/posts\/78598\/revisions"}],"wp:featuredmedia":[{"embeddable":true,"href":"https:\/\/elinformante.mx\/index.php?rest_route=\/wp\/v2\/media\/78599"}],"wp:attachment":[{"href":"https:\/\/elinformante.mx\/index.php?rest_route=%2Fwp%2Fv2%2Fmedia&parent=78598"}],"wp:term":[{"taxonomy":"category","embeddable":true,"href":"https:\/\/elinformante.mx\/index.php?rest_route=%2Fwp%2Fv2%2Fcategories&post=78598"},{"taxonomy":"post_tag","embeddable":true,"href":"https:\/\/elinformante.mx\/index.php?rest_route=%2Fwp%2Fv2%2Ftags&post=78598"}],"curies":[{"name":"wp","href":"https:\/\/api.w.org\/{rel}","templated":true}]}}