{"id":78601,"date":"2025-03-19T06:01:07","date_gmt":"2025-03-19T12:01:07","guid":{"rendered":"https:\/\/elinformante.mx\/?p=78601"},"modified":"2025-03-19T06:01:11","modified_gmt":"2025-03-19T12:01:11","slug":"reflexiona-la-uaemex-sobre-el-papel-de-la-ia-en-la-imparticion-de-justicia-barrera-diaz","status":"publish","type":"post","link":"https:\/\/elinformante.mx\/?p=78601","title":{"rendered":"Reflexiona la UAEM\u00e9x sobre el papel de la IA en la impartici\u00f3n de justicia: Barrera D\u00edaz"},"content":{"rendered":"\n<figure class=\"wp-block-pullquote\"><blockquote><p>El rector de la UAEM\u00e9x, Carlos Eduardo Barrera D\u00edaz, encabez\u00f3 la conferencia \u201cLa inteligencia artificial en la impartici\u00f3n de justicia\u201d, impartida por el especialista en Derecho Constitucional, Ar\u00edstides Rodrigo Guerrero Garc\u00eda.<\/p><\/blockquote><\/figure>\n\n\n\n<p class=\"has-drop-cap\">Para reflexionar sobre las implicaciones que tienen las nuevas tecnolog\u00edas en la vida diaria, el rector de la Universidad Aut\u00f3noma del Estado de M\u00e9xico (UAEM\u00e9x), Carlos Eduardo Barrera D\u00edaz, encabez\u00f3 la conferencia \u201cLa inteligencia artificial en la impartici\u00f3n de justicia\u201d, impartida por el especialista en Derecho Constitucional, Ar\u00edstides Rodrigo Guerrero Garc\u00eda.<br><\/p>\n\n\n\n<p>En el Auditorio \u201cIng. Jos\u00e9 Yurrieta Vald\u00e9s\u201d del Edificio Administrativo, Guerrero Garc\u00eda coment\u00f3 que en un contexto donde la poblaci\u00f3n mexicana pasa un promedio de cinco horas con 15 minutos en pantalla, es necesario repensar sobre el rol que tienen estos dispositivos en la vida real.<br><\/p>\n\n\n\n<p>Ante la comisionada del Instituto de Transparencia, Acceso a la Informaci\u00f3n P\u00fablica y Protecci\u00f3n de Datos Personales del Estado de M\u00e9xico y Municipios (Infoem), Sharon Morales Mart\u00ednez, el ponente resalt\u00f3 que las redes sociales y los dispositivos electr\u00f3nicos pueden tener una fuerte influencia en el pensamiento y toma de decisiones a partir de las interacciones digitales que tengan las y los usuarios.<br><\/p>\n\n\n\n<p>Guerrero Garc\u00eda detall\u00f3 que esta situaci\u00f3n puede tener implicaciones importantes en la vida real, pues la inteligencia artificial puede crear videos, im\u00e1genes y audios falsos que vulneren la identidad de las personas, por lo que es necesario usar estas herramientas digitales con suma responsabilidad y \u00e9tica, convirti\u00e9ndola en un modelo de control de calidad.<br><\/p>\n\n\n\n<figure class=\"wp-block-image size-large\"><img fetchpriority=\"high\" decoding=\"async\" width=\"1024\" height=\"506\" src=\"https:\/\/elinformante.mx\/wp-content\/uploads\/2025\/03\/10uaemex-3-1-1024x506.jpg\" alt=\"\" class=\"wp-image-78603\" srcset=\"https:\/\/elinformante.mx\/wp-content\/uploads\/2025\/03\/10uaemex-3-1-1024x506.jpg 1024w, https:\/\/elinformante.mx\/wp-content\/uploads\/2025\/03\/10uaemex-3-1-300x148.jpg 300w, https:\/\/elinformante.mx\/wp-content\/uploads\/2025\/03\/10uaemex-3-1-768x379.jpg 768w, https:\/\/elinformante.mx\/wp-content\/uploads\/2025\/03\/10uaemex-3-1.jpg 1140w\" sizes=\"(max-width: 1024px) 100vw, 1024px\" \/><\/figure>\n\n\n\n<p>Puntualiz\u00f3 que para hacer un buen uso de la inteligencia artificial, tambi\u00e9n resulta necesario que la impartici\u00f3n de la justicia se d\u00e9 a partir de sistemas legislativos actualizados que cubran totalmente las necesidades que requiere una herramienta tecnol\u00f3gica de tal magnitud, atendiendo las realidades de esta nueva era digital.<br><\/p>\n\n\n\n<p>En este acto, Barrera D\u00edaz destac\u00f3 que es necesario comprender y aprovechar las oportunidades que brindan las nuevas tecnolog\u00edas, por ello, la UAEM\u00e9x est\u00e1 comprometida con la formaci\u00f3n de profesionales competentes, pero tambi\u00e9n de ciudadanas y ciudadanos comprometidos con los desaf\u00edos del contexto global actual, siendo \u00e9sta una conferencia de alta pertinencia para su comunidad universitaria.<br><\/p>\n\n\n\n<p>Por su parte, Morales Mart\u00ednez asever\u00f3 que la inteligencia artificial es una herramienta sumamente utilizada en los sistemas jur\u00eddicos, por lo que es importante ser conscientes de que el uso de este recurso representa un desaf\u00edo que implica riesgos, siendo necesario conocer m\u00e1s acerca de c\u00f3mo manejarlo de manera \u00e9tica y responsable.<br><\/p>\n\n\n\n<p>Al acto asistieron la directora general de la Escuela Judicial del Estado de M\u00e9xico, Mar\u00eda del Refugio Elizabeth Rodr\u00edguez Col\u00edn; la comisionada del INFOEM, Mar\u00eda del Rosario Mej\u00eda Ayala; integrantes del Gabinete Universitario, as\u00ed como la comunidad verde y oro.<\/p>\n","protected":false},"excerpt":{"rendered":"<p>El rector de la UAEM\u00e9x, Carlos Eduardo Barrera D\u00edaz, encabez\u00f3 la conferencia \u201cLa inteligencia artificial en la impartici\u00f3n de justicia\u201d, impartida por el especialista en Derecho Constitucional, Ar\u00edstides Rodrigo Guerrero Garc\u00eda. Para reflexionar sobre las implicaciones que tienen las nuevas tecnolog\u00edas en la vida diaria, el rector de la Universidad Aut\u00f3noma del Estado de M\u00e9xico [&hellip;]<\/p>\n","protected":false},"author":1,"featured_media":78602,"comment_status":"closed","ping_status":"closed","sticky":false,"template":"","format":"standard","meta":{"footnotes":""},"categories":[30,36],"tags":[],"class_list":["post-78601","post","type-post","status-publish","format-standard","has-post-thumbnail","hentry","category-destacado","category-edomex"],"_links":{"self":[{"href":"https:\/\/elinformante.mx\/index.php?rest_route=\/wp\/v2\/posts\/78601","targetHints":{"allow":["GET"]}}],"collection":[{"href":"https:\/\/elinformante.mx\/index.php?rest_route=\/wp\/v2\/posts"}],"about":[{"href":"https:\/\/elinformante.mx\/index.php?rest_route=\/wp\/v2\/types\/post"}],"author":[{"embeddable":true,"href":"https:\/\/elinformante.mx\/index.php?rest_route=\/wp\/v2\/users\/1"}],"replies":[{"embeddable":true,"href":"https:\/\/elinformante.mx\/index.php?rest_route=%2Fwp%2Fv2%2Fcomments&post=78601"}],"version-history":[{"count":0,"href":"https:\/\/elinformante.mx\/index.php?rest_route=\/wp\/v2\/posts\/78601\/revisions"}],"wp:featuredmedia":[{"embeddable":true,"href":"https:\/\/elinformante.mx\/index.php?rest_route=\/wp\/v2\/media\/78602"}],"wp:attachment":[{"href":"https:\/\/elinformante.mx\/index.php?rest_route=%2Fwp%2Fv2%2Fmedia&parent=78601"}],"wp:term":[{"taxonomy":"category","embeddable":true,"href":"https:\/\/elinformante.mx\/index.php?rest_route=%2Fwp%2Fv2%2Fcategories&post=78601"},{"taxonomy":"post_tag","embeddable":true,"href":"https:\/\/elinformante.mx\/index.php?rest_route=%2Fwp%2Fv2%2Ftags&post=78601"}],"curies":[{"name":"wp","href":"https:\/\/api.w.org\/{rel}","templated":true}]}}