{"id":78611,"date":"2025-03-19T06:10:55","date_gmt":"2025-03-19T12:10:55","guid":{"rendered":"https:\/\/elinformante.mx\/?p=78611"},"modified":"2025-03-19T06:11:02","modified_gmt":"2025-03-19T12:11:02","slug":"disminuyen-en-edomex-27-los-homicidios-dolosos-en-este-2025","status":"publish","type":"post","link":"https:\/\/elinformante.mx\/?p=78611","title":{"rendered":"Disminuyen en Edom\u00e9x 27% los homicidios dolosos en este 2025"},"content":{"rendered":"\n<figure class=\"wp-block-pullquote\"><blockquote><p>La coordinaci\u00f3n entre los tres \u00f3rdenes de gobierno ha sido clave para fortalecer la seguridad y reducir la incidencia delictiva en el Estado de M\u00e9xico.<\/p><\/blockquote><\/figure>\n\n\n\n<p class=\"has-drop-cap\">\u201cEn la Mesa de Coordinaci\u00f3n para la Construcci\u00f3n de la Paz, la @FiscaliaEdomex comparti\u00f3 informaci\u00f3n que durante los primeros 75 d\u00edas del a\u00f1o se registr\u00f3 una disminuci\u00f3n de 27% en el delito de homicidio doloso, en comparaci\u00f3n con el mismo periodo de 2024\u201d, public\u00f3 la Gobernadora Delfina G\u00f3mez a trav\u00e9s de redes sociales.<br><\/p>\n\n\n\n<p>El an\u00e1lisis presentado por la Fiscal\u00eda General de Justicia del Estado de M\u00e9xico (FGJEM) se\u00f1ala que del 1 de enero al 16 de marzo de este a\u00f1o, se reportaron 386 v\u00edctimas de homicidio doloso; mientras que en 2024 se registraron 527, es decir, 141 casos menos.<br><\/p>\n\n\n\n<figure class=\"wp-block-image size-large\"><img fetchpriority=\"high\" decoding=\"async\" width=\"1024\" height=\"506\" src=\"https:\/\/elinformante.mx\/wp-content\/uploads\/2025\/03\/8dosminuyo-2-1024x506.jpg\" alt=\"\" class=\"wp-image-78613\" srcset=\"https:\/\/elinformante.mx\/wp-content\/uploads\/2025\/03\/8dosminuyo-2-1024x506.jpg 1024w, https:\/\/elinformante.mx\/wp-content\/uploads\/2025\/03\/8dosminuyo-2-300x148.jpg 300w, https:\/\/elinformante.mx\/wp-content\/uploads\/2025\/03\/8dosminuyo-2-768x379.jpg 768w, https:\/\/elinformante.mx\/wp-content\/uploads\/2025\/03\/8dosminuyo-2.jpg 1140w\" sizes=\"(max-width: 1024px) 100vw, 1024px\" \/><\/figure>\n\n\n\n<p>Durante la sesi\u00f3n 372 de este mecanismo, la Mandataria estatal subray\u00f3 que \u201cEn el Edom\u00e9x es fundamental la coordinaci\u00f3n entre los tres \u00f3rdenes de gobierno a fin de fortalecer la seguridad y continuar con la transformaci\u00f3n de nuestra entidad, para asegurar paz y tranquilidad a las y los mexiquenses. #ElPoderDeServir.\u201d<br><\/p>\n\n\n\n<p>A esta reuni\u00f3n asistieron Horacio Duarte Olivares, Secretario General de Gobierno del Estado de M\u00e9xico; Crist\u00f3bal Casta\u00f1eda Camarillo, Secretario de Seguridad estatal; Jos\u00e9 Luis Cervantes Mart\u00ednez, Fiscal General de Justicia del Estado de M\u00e9xico; as\u00ed como representantes de la Secretar\u00eda de la Defensa Nacional, Marina, Guardia Nacional y el Centro Nacional de Inteligencia.<\/p>\n","protected":false},"excerpt":{"rendered":"<p>La coordinaci\u00f3n entre los tres \u00f3rdenes de gobierno ha sido clave para fortalecer la seguridad y reducir la incidencia delictiva en el Estado de M\u00e9xico. \u201cEn la Mesa de Coordinaci\u00f3n para la Construcci\u00f3n de la Paz, la @FiscaliaEdomex comparti\u00f3 informaci\u00f3n que durante los primeros 75 d\u00edas del a\u00f1o se registr\u00f3 una disminuci\u00f3n de 27% en [&hellip;]<\/p>\n","protected":false},"author":1,"featured_media":78612,"comment_status":"closed","ping_status":"closed","sticky":false,"template":"","format":"standard","meta":{"footnotes":""},"categories":[30,36,31],"tags":[],"class_list":["post-78611","post","type-post","status-publish","format-standard","has-post-thumbnail","hentry","category-destacado","category-edomex","category-portada"],"_links":{"self":[{"href":"https:\/\/elinformante.mx\/index.php?rest_route=\/wp\/v2\/posts\/78611","targetHints":{"allow":["GET"]}}],"collection":[{"href":"https:\/\/elinformante.mx\/index.php?rest_route=\/wp\/v2\/posts"}],"about":[{"href":"https:\/\/elinformante.mx\/index.php?rest_route=\/wp\/v2\/types\/post"}],"author":[{"embeddable":true,"href":"https:\/\/elinformante.mx\/index.php?rest_route=\/wp\/v2\/users\/1"}],"replies":[{"embeddable":true,"href":"https:\/\/elinformante.mx\/index.php?rest_route=%2Fwp%2Fv2%2Fcomments&post=78611"}],"version-history":[{"count":0,"href":"https:\/\/elinformante.mx\/index.php?rest_route=\/wp\/v2\/posts\/78611\/revisions"}],"wp:featuredmedia":[{"embeddable":true,"href":"https:\/\/elinformante.mx\/index.php?rest_route=\/wp\/v2\/media\/78612"}],"wp:attachment":[{"href":"https:\/\/elinformante.mx\/index.php?rest_route=%2Fwp%2Fv2%2Fmedia&parent=78611"}],"wp:term":[{"taxonomy":"category","embeddable":true,"href":"https:\/\/elinformante.mx\/index.php?rest_route=%2Fwp%2Fv2%2Fcategories&post=78611"},{"taxonomy":"post_tag","embeddable":true,"href":"https:\/\/elinformante.mx\/index.php?rest_route=%2Fwp%2Fv2%2Ftags&post=78611"}],"curies":[{"name":"wp","href":"https:\/\/api.w.org\/{rel}","templated":true}]}}