{"id":78615,"date":"2025-03-19T06:19:59","date_gmt":"2025-03-19T12:19:59","guid":{"rendered":"https:\/\/elinformante.mx\/?p=78615"},"modified":"2025-03-19T06:20:05","modified_gmt":"2025-03-19T12:20:05","slug":"pueden-imponer-aranceles-pero-no-se-pueden-llevar-nuestro-campo-delfina-gomez","status":"publish","type":"post","link":"https:\/\/elinformante.mx\/?p=78615","title":{"rendered":"\u201cPueden imponer aranceles pero no se pueden llevar nuestro campo\u201d: Delfina G\u00f3mez"},"content":{"rendered":"\n<figure class=\"wp-block-pullquote\"><blockquote><p>Al entregar la mandataria apoyos a productores agr\u00edcolas mexiquenses, reafirm\u00f3 su respaldo al decreto para defender el ma\u00edz mexicano.<\/p><\/blockquote><\/figure>\n\n\n\n<p class=\"has-drop-cap\">Al hacer entrega de tractores, fertilizadoras y sembradoras a agricultores mexiquenses, la Gobernadora Delfina G\u00f3mez \u00c1lvarez respald\u00f3 la soberan\u00eda alimentaria, \u201cse pueden llevar muchas cosas materiales en cuesti\u00f3n arancelaria, pero lo que no se pueden llevar es nuestro campo, lo que no se pueden llevar es la sabidur\u00eda de nuestros ancestros y el conocimiento que tienen nuestros t\u00e9cnicos y cient\u00edficos\u201d.<br><\/p>\n\n\n\n<p>As\u00ed lo manifest\u00f3 la Mandataria mexiquense durante la premiaci\u00f3n del Primer Concurso de Productoras y Productores de Ma\u00edz Nativo y Amaranto, donde se\u00f1al\u00f3 que la Presidenta de M\u00e9xico, Claudia Sheinbaum, firm\u00f3 el decreto de reforma a los art\u00edculos 4 y 27 de la Constituci\u00f3n Pol\u00edtica de los Estados Unidos Mexicanos, el cual establece que el cultivo de ma\u00edz en el territorio nacional debe ser libre de modificaciones gen\u00e9ticas.<br><\/p>\n\n\n\n<figure class=\"wp-block-image size-large\"><img fetchpriority=\"high\" decoding=\"async\" width=\"1024\" height=\"506\" src=\"https:\/\/elinformante.mx\/wp-content\/uploads\/2025\/03\/8DELFINA-4-1-1024x506.jpg\" alt=\"\" class=\"wp-image-78617\" srcset=\"https:\/\/elinformante.mx\/wp-content\/uploads\/2025\/03\/8DELFINA-4-1-1024x506.jpg 1024w, https:\/\/elinformante.mx\/wp-content\/uploads\/2025\/03\/8DELFINA-4-1-300x148.jpg 300w, https:\/\/elinformante.mx\/wp-content\/uploads\/2025\/03\/8DELFINA-4-1-768x379.jpg 768w, https:\/\/elinformante.mx\/wp-content\/uploads\/2025\/03\/8DELFINA-4-1.jpg 1140w\" sizes=\"(max-width: 1024px) 100vw, 1024px\" \/><\/figure>\n\n\n\n<p>Reiter\u00f3 el respaldo a quienes apuestan por la producci\u00f3n libre de agroqu\u00edmicos y el uso de bio-insumos, garantizando alimentos de alta calidad y preservando la salud de las tierras y familias mexiquenses.<br><\/p>\n\n\n\n<p>La Gobernadora reconoci\u00f3 la labor fundamental de quienes proveen una gran variedad de alimentos ricos y saludables a las comunidades mexiquenses, conservan sabores ancestrales y contribuyen a un modelo agroecol\u00f3gico m\u00e1s sostenible y resiliente al enfrentar los cambios clim\u00e1ticos e industrializaci\u00f3n.<br><\/p>\n\n\n\n<figure class=\"wp-block-image size-large\"><img decoding=\"async\" width=\"1024\" height=\"506\" src=\"https:\/\/elinformante.mx\/wp-content\/uploads\/2025\/03\/8DELFINA-3-1-1024x506.jpg\" alt=\"\" class=\"wp-image-78618\" srcset=\"https:\/\/elinformante.mx\/wp-content\/uploads\/2025\/03\/8DELFINA-3-1-1024x506.jpg 1024w, https:\/\/elinformante.mx\/wp-content\/uploads\/2025\/03\/8DELFINA-3-1-300x148.jpg 300w, https:\/\/elinformante.mx\/wp-content\/uploads\/2025\/03\/8DELFINA-3-1-768x379.jpg 768w, https:\/\/elinformante.mx\/wp-content\/uploads\/2025\/03\/8DELFINA-3-1.jpg 1140w\" sizes=\"(max-width: 1024px) 100vw, 1024px\" \/><\/figure>\n\n\n\n<p>\u201cEl Estado de M\u00e9xico es cuna de biodiversidad y de resistencia. Aqu\u00ed, en nuestros valles y monta\u00f1as crecen variedades de ma\u00edz que han sido cuidadas durante siglos, resistiendo a la homogeneizaci\u00f3n y defendiendo la riqueza gen\u00e9tica que hoy es clave para la seguridad alimentaria mundial\u201d, asegur\u00f3 Delfina G\u00f3mez \u00c1lvarez.<br><\/p>\n\n\n\n<p>Para reconocer a los ganadores del Primer Concurso de Productoras y Productores de Ma\u00edz Nativo y Amaranto del Estado de M\u00e9xico, la Mandataria estatal entreg\u00f3 60 premios como tractores, fertilizadoras y sembradoras, para incentivar a las y los agricultores, quienes, afirma, \u201cson el coraz\u00f3n de la tierra\u201d.<br><\/p>\n\n\n\n<figure class=\"wp-block-image size-large\"><img decoding=\"async\" width=\"1024\" height=\"506\" src=\"https:\/\/elinformante.mx\/wp-content\/uploads\/2025\/03\/8DELFINA-5-1024x506.jpg\" alt=\"\" class=\"wp-image-78619\" srcset=\"https:\/\/elinformante.mx\/wp-content\/uploads\/2025\/03\/8DELFINA-5-1024x506.jpg 1024w, https:\/\/elinformante.mx\/wp-content\/uploads\/2025\/03\/8DELFINA-5-300x148.jpg 300w, https:\/\/elinformante.mx\/wp-content\/uploads\/2025\/03\/8DELFINA-5-768x379.jpg 768w, https:\/\/elinformante.mx\/wp-content\/uploads\/2025\/03\/8DELFINA-5.jpg 1140w\" sizes=\"(max-width: 1024px) 100vw, 1024px\" \/><\/figure>\n\n\n\n<p>\u201cDesde el inicio de esta administraci\u00f3n hemos trabajado para fortalecer al campo mexiquense con pol\u00edticas p\u00fablicas que favorezcan la soberan\u00eda alimentaria y el desarrollo rural sostenible. Hemos impulsado iniciativas que permiten a nuestras y nuestros productores acceder a mejores recursos, capacitaci\u00f3n y apoyo\u201d, asegur\u00f3 la mandataria.<br><\/p>\n\n\n\n<p>En total, fueron 171 productores inscritos al concurso: 43 de amaranto y 128 de ma\u00edz, quienes entregaron sus muestras a los laboratorios para analizarlas y obtener el veredicto.<\/p>\n\n\n\n<figure class=\"wp-block-image size-large\"><img loading=\"lazy\" decoding=\"async\" width=\"1024\" height=\"506\" src=\"https:\/\/elinformante.mx\/wp-content\/uploads\/2025\/03\/8DELFINA-1-1024x506.jpg\" alt=\"\" class=\"wp-image-78620\" srcset=\"https:\/\/elinformante.mx\/wp-content\/uploads\/2025\/03\/8DELFINA-1-1024x506.jpg 1024w, https:\/\/elinformante.mx\/wp-content\/uploads\/2025\/03\/8DELFINA-1-300x148.jpg 300w, https:\/\/elinformante.mx\/wp-content\/uploads\/2025\/03\/8DELFINA-1-768x379.jpg 768w, https:\/\/elinformante.mx\/wp-content\/uploads\/2025\/03\/8DELFINA-1.jpg 1140w\" sizes=\"(max-width: 1024px) 100vw, 1024px\" \/><\/figure>\n","protected":false},"excerpt":{"rendered":"<p>Al entregar la mandataria apoyos a productores agr\u00edcolas mexiquenses, reafirm\u00f3 su respaldo al decreto para defender el ma\u00edz mexicano. Al hacer entrega de tractores, fertilizadoras y sembradoras a agricultores mexiquenses, la Gobernadora Delfina G\u00f3mez \u00c1lvarez respald\u00f3 la soberan\u00eda alimentaria, \u201cse pueden llevar muchas cosas materiales en cuesti\u00f3n arancelaria, pero lo que no se pueden llevar [&hellip;]<\/p>\n","protected":false},"author":1,"featured_media":78616,"comment_status":"closed","ping_status":"closed","sticky":false,"template":"","format":"standard","meta":{"footnotes":""},"categories":[30,36,31],"tags":[46],"class_list":["post-78615","post","type-post","status-publish","format-standard","has-post-thumbnail","hentry","category-destacado","category-edomex","category-portada","tag-portadaedomex"],"_links":{"self":[{"href":"https:\/\/elinformante.mx\/index.php?rest_route=\/wp\/v2\/posts\/78615","targetHints":{"allow":["GET"]}}],"collection":[{"href":"https:\/\/elinformante.mx\/index.php?rest_route=\/wp\/v2\/posts"}],"about":[{"href":"https:\/\/elinformante.mx\/index.php?rest_route=\/wp\/v2\/types\/post"}],"author":[{"embeddable":true,"href":"https:\/\/elinformante.mx\/index.php?rest_route=\/wp\/v2\/users\/1"}],"replies":[{"embeddable":true,"href":"https:\/\/elinformante.mx\/index.php?rest_route=%2Fwp%2Fv2%2Fcomments&post=78615"}],"version-history":[{"count":0,"href":"https:\/\/elinformante.mx\/index.php?rest_route=\/wp\/v2\/posts\/78615\/revisions"}],"wp:featuredmedia":[{"embeddable":true,"href":"https:\/\/elinformante.mx\/index.php?rest_route=\/wp\/v2\/media\/78616"}],"wp:attachment":[{"href":"https:\/\/elinformante.mx\/index.php?rest_route=%2Fwp%2Fv2%2Fmedia&parent=78615"}],"wp:term":[{"taxonomy":"category","embeddable":true,"href":"https:\/\/elinformante.mx\/index.php?rest_route=%2Fwp%2Fv2%2Fcategories&post=78615"},{"taxonomy":"post_tag","embeddable":true,"href":"https:\/\/elinformante.mx\/index.php?rest_route=%2Fwp%2Fv2%2Ftags&post=78615"}],"curies":[{"name":"wp","href":"https:\/\/api.w.org\/{rel}","templated":true}]}}