{"id":78628,"date":"2025-03-19T06:27:16","date_gmt":"2025-03-19T12:27:16","guid":{"rendered":"https:\/\/elinformante.mx\/?p=78628"},"modified":"2025-03-19T06:27:17","modified_gmt":"2025-03-19T12:27:17","slug":"se-registra-contingencia-en-cdmx-y-edomex-se-aplico-el-doble-hoy-no-circula","status":"publish","type":"post","link":"https:\/\/elinformante.mx\/?p=78628","title":{"rendered":"Se registra contingencia en CDMX y Edom\u00e9x; se aplic\u00f3 el doble \u201cHoy no Circula\u201d"},"content":{"rendered":"\n<figure class=\"wp-block-pullquote\"><blockquote><p>Se estim\u00f3 que continuar\u00e1n las condiciones meteorol\u00f3gicas que dificultan la dispersi\u00f3n de los contaminantes.<\/p><\/blockquote><\/figure>\n\n\n\n<p class=\"has-drop-cap\">La Comisi\u00f3n Ambiental de la Megal\u00f3polis (CAMe) activ\u00f3 la Fase 1 de Contingencia Ambiental debido a que se registr\u00f3 mala calidad del aire, al concentrarse una m\u00e1xima de ozono de 155 ppb en la estaci\u00f3n Gustavo A Madero (GAM), ubicada en la Alcald\u00eda del mismo nombre.<br><\/p>\n\n\n\n<p>Adem\u00e1s se inform\u00f3 que hoy mi\u00e9rcoles tambi\u00e9n se suspender\u00e1 la circulaci\u00f3n, en horario de las 5:00 a las 22:00 horas para los siguientes veh\u00edculos:<br><\/p>\n\n\n\n<p>-Los veh\u00edculos de uso particular con holograma de verificaci\u00f3n 2.<br><\/p>\n\n\n\n<p>-Los veh\u00edculos de uso particular con holograma de verificaci\u00f3n 1, cuyo \u00faltimo d\u00edgito num\u00e9rico sea 1, 3, 4, 5, 7 y 9.<br><\/p>\n\n\n\n<p>-Los veh\u00edculos de uso particular con holograma de verificaci\u00f3n 0 y 00, engomado rojo, terminaci\u00f3n de placa 3 y 4<br><\/p>\n\n\n\n<p>Para las unidades que no porten holograma de verificaci\u00f3n, como los veh\u00edculos antiguos, de demostraci\u00f3n o traslado, nuevos, los que tienen pase tur\u00edstico, placas for\u00e1neas o con placas formadas por letras, les aplica la misma restricci\u00f3n que a los veh\u00edculos que portan holograma 2.<br><\/p>\n\n\n\n<p>Mientras tambi\u00e9n dieron a conocer los veh\u00edculos que podr\u00e1n circular, pese a la activaci\u00f3n de la Fase 1 de Contingencia, son:<br><\/p>\n\n\n\n<p>-Veh\u00edculos el\u00e9ctricos e h\u00edbridos, adem\u00e1s, los que cuenten con matr\u00edcula ecol\u00f3gica u holograma tipo exento.<br><\/p>\n\n\n\n<p>-Veh\u00edculos que porten holograma \u201c0\u201d o \u201c00\u201d vigente, cualquiera que sea su uso, sin importar la entidad federativa donde est\u00e9n matriculados, podr\u00e1n circular si cuentan con engomado diferente al color rojo y terminaci\u00f3n de placa 3 y 4.<br><\/p>\n\n\n\n<p>-Veh\u00edculos de uso particular destinados en circunstancias manifiestas y urgentes, para atender una emergencia m\u00e9dica.<br><\/p>\n\n\n\n<p>Los taxis podr\u00e1n circular de 5:00 a las 10:00 horas los d\u00edas que tengan restricci\u00f3n por Programa Hoy No Circula, independientemente del holograma que porten, con la finalidad de apoyar la movilidad de la poblaci\u00f3n.<br><\/p>\n\n\n\n<p>La CAMe explic\u00f3 que, despu\u00e9s de las 14:00 horas, la estabilidad atmosf\u00e9rica en el Valle de M\u00e9xico, se increment\u00f3 de manera sustancial, lo que gener\u00f3 condiciones muy adversas para la dispersi\u00f3n de los contaminantes precursores del ozono; adem\u00e1s de que la intensa radiaci\u00f3n solar que ha prevalecido, impuls\u00f3 las reacciones de formaci\u00f3n de ozono a partir de los contaminantes acumulados y el viento persisti\u00f3 con intensidad d\u00e9bil este martes.<br><\/p>\n\n\n\n<p>Se estim\u00f3 que continuar\u00e1n las condiciones meteorol\u00f3gicas que dificultan la dispersi\u00f3n de los contaminantes.<br><\/p>\n\n\n\n<p>La activaci\u00f3n de la Fase 1 de Contingencia tiene el objetivo de disminuir la exposici\u00f3n de la poblaci\u00f3n al aire contaminado y el riesgo de afectaci\u00f3n a su salud; as\u00ed como para reducir la generaci\u00f3n de contaminantes.<\/p>\n","protected":false},"excerpt":{"rendered":"<p>Se estim\u00f3 que continuar\u00e1n las condiciones meteorol\u00f3gicas que dificultan la dispersi\u00f3n de los contaminantes. La Comisi\u00f3n Ambiental de la Megal\u00f3polis (CAMe) activ\u00f3 la Fase 1 de Contingencia Ambiental debido a que se registr\u00f3 mala calidad del aire, al concentrarse una m\u00e1xima de ozono de 155 ppb en la estaci\u00f3n Gustavo A Madero (GAM), ubicada en [&hellip;]<\/p>\n","protected":false},"author":1,"featured_media":78629,"comment_status":"closed","ping_status":"closed","sticky":false,"template":"","format":"standard","meta":{"footnotes":""},"categories":[35],"tags":[],"class_list":["post-78628","post","type-post","status-publish","format-standard","has-post-thumbnail","hentry","category-cdmx"],"_links":{"self":[{"href":"https:\/\/elinformante.mx\/index.php?rest_route=\/wp\/v2\/posts\/78628","targetHints":{"allow":["GET"]}}],"collection":[{"href":"https:\/\/elinformante.mx\/index.php?rest_route=\/wp\/v2\/posts"}],"about":[{"href":"https:\/\/elinformante.mx\/index.php?rest_route=\/wp\/v2\/types\/post"}],"author":[{"embeddable":true,"href":"https:\/\/elinformante.mx\/index.php?rest_route=\/wp\/v2\/users\/1"}],"replies":[{"embeddable":true,"href":"https:\/\/elinformante.mx\/index.php?rest_route=%2Fwp%2Fv2%2Fcomments&post=78628"}],"version-history":[{"count":0,"href":"https:\/\/elinformante.mx\/index.php?rest_route=\/wp\/v2\/posts\/78628\/revisions"}],"wp:featuredmedia":[{"embeddable":true,"href":"https:\/\/elinformante.mx\/index.php?rest_route=\/wp\/v2\/media\/78629"}],"wp:attachment":[{"href":"https:\/\/elinformante.mx\/index.php?rest_route=%2Fwp%2Fv2%2Fmedia&parent=78628"}],"wp:term":[{"taxonomy":"category","embeddable":true,"href":"https:\/\/elinformante.mx\/index.php?rest_route=%2Fwp%2Fv2%2Fcategories&post=78628"},{"taxonomy":"post_tag","embeddable":true,"href":"https:\/\/elinformante.mx\/index.php?rest_route=%2Fwp%2Fv2%2Ftags&post=78628"}],"curies":[{"name":"wp","href":"https:\/\/api.w.org\/{rel}","templated":true}]}}