{"id":78634,"date":"2025-03-19T06:31:15","date_gmt":"2025-03-19T12:31:15","guid":{"rendered":"https:\/\/elinformante.mx\/?p=78634"},"modified":"2025-03-19T06:31:17","modified_gmt":"2025-03-19T12:31:17","slug":"destinaran-en-michoacan-100-mdp-para-aumentar-salario-a-policias","status":"publish","type":"post","link":"https:\/\/elinformante.mx\/?p=78634","title":{"rendered":"Destinar\u00e1n en Michoac\u00e1n 100 mdp para aumentar salario a polic\u00edas"},"content":{"rendered":"\n<figure class=\"wp-block-pullquote\"><blockquote><p>El gobernador Alfredo Ram\u00edrez Bedolla precis\u00f3 que el aumento a la n\u00f3mina de los cuerpos de seguridad se ver\u00e1 reflejado a partir del lunes 31 de este mes<\/p><\/blockquote><\/figure>\n\n\n\n<p class=\"has-drop-cap\">Alfredo Ram\u00edrez Bedolla, el gobernador de Michoac\u00e1n, anunci\u00f3 que su gobierno destinar\u00e1 100 millones de pesos para incrementar el salario de los polic\u00edas estatales.<br><\/p>\n\n\n\n<p>Destac\u00f3 que los agentes de la Guardia Civil tendr\u00e1n un aumento del 5% que tambi\u00e9n impactar\u00e1 en prestaciones como el aguinaldo, prima vacacional y Afore, tras nueve a\u00f1os de no presentar mejoras en su sueldo.<br><\/p>\n\n\n\n<p>Adem\u00e1s dio a conocer que el incremento salarial, que tambi\u00e9n beneficia al personal de los centros penitenciarios del estado, se realizar\u00e1 de manera anual, por lo que ya est\u00e1n garantizados los recursos para los a\u00f1os 2026 y 2027.<br><\/p>\n\n\n\n<p>Este incremento anual ser\u00e1 igual al que se autorice para los integrantes del Sindicato de Trabajadores al Servicio del Poder Ejecutivo.<br><\/p>\n\n\n\n<p>Precis\u00f3 que el aumento a la n\u00f3mina de los cuerpos de seguridad se ver\u00e1 reflejado a partir del lunes 31 de este mes, con pago retroactivo de las cinco quincenas anteriores correspondientes a enero, febrero y marzo.<br><\/p>\n\n\n\n<p>Fue en julio del 2024 cuando en la entidad se registr\u00f3 un incremento de 500 pesos al bono de participaciones por cumplimiento de leyes denominado Banbaj\u00edo, lo cual representa un beneficio directo para los agentes de la Guardia Civil.<\/p>\n","protected":false},"excerpt":{"rendered":"<p>El gobernador Alfredo Ram\u00edrez Bedolla precis\u00f3 que el aumento a la n\u00f3mina de los cuerpos de seguridad se ver\u00e1 reflejado a partir del lunes 31 de este mes Alfredo Ram\u00edrez Bedolla, el gobernador de Michoac\u00e1n, anunci\u00f3 que su gobierno destinar\u00e1 100 millones de pesos para incrementar el salario de los polic\u00edas estatales. Destac\u00f3 que los [&hellip;]<\/p>\n","protected":false},"author":1,"featured_media":78635,"comment_status":"closed","ping_status":"closed","sticky":false,"template":"","format":"standard","meta":{"footnotes":""},"categories":[34],"tags":[],"class_list":["post-78634","post","type-post","status-publish","format-standard","has-post-thumbnail","hentry","category-nacional"],"_links":{"self":[{"href":"https:\/\/elinformante.mx\/index.php?rest_route=\/wp\/v2\/posts\/78634","targetHints":{"allow":["GET"]}}],"collection":[{"href":"https:\/\/elinformante.mx\/index.php?rest_route=\/wp\/v2\/posts"}],"about":[{"href":"https:\/\/elinformante.mx\/index.php?rest_route=\/wp\/v2\/types\/post"}],"author":[{"embeddable":true,"href":"https:\/\/elinformante.mx\/index.php?rest_route=\/wp\/v2\/users\/1"}],"replies":[{"embeddable":true,"href":"https:\/\/elinformante.mx\/index.php?rest_route=%2Fwp%2Fv2%2Fcomments&post=78634"}],"version-history":[{"count":0,"href":"https:\/\/elinformante.mx\/index.php?rest_route=\/wp\/v2\/posts\/78634\/revisions"}],"wp:featuredmedia":[{"embeddable":true,"href":"https:\/\/elinformante.mx\/index.php?rest_route=\/wp\/v2\/media\/78635"}],"wp:attachment":[{"href":"https:\/\/elinformante.mx\/index.php?rest_route=%2Fwp%2Fv2%2Fmedia&parent=78634"}],"wp:term":[{"taxonomy":"category","embeddable":true,"href":"https:\/\/elinformante.mx\/index.php?rest_route=%2Fwp%2Fv2%2Fcategories&post=78634"},{"taxonomy":"post_tag","embeddable":true,"href":"https:\/\/elinformante.mx\/index.php?rest_route=%2Fwp%2Fv2%2Ftags&post=78634"}],"curies":[{"name":"wp","href":"https:\/\/api.w.org\/{rel}","templated":true}]}}