{"id":78644,"date":"2025-03-19T06:35:41","date_gmt":"2025-03-19T12:35:41","guid":{"rendered":"https:\/\/elinformante.mx\/?p=78644"},"modified":"2025-03-19T06:35:43","modified_gmt":"2025-03-19T12:35:43","slug":"descarta-ebrard-recesion-senala-que-la-evolucion-en-la-economia-dependera-de-eua","status":"publish","type":"post","link":"https:\/\/elinformante.mx\/?p=78644","title":{"rendered":"Descarta Ebrard recesi\u00f3n, se\u00f1ala que la evoluci\u00f3n en la econom\u00eda depender\u00e1 de EUA"},"content":{"rendered":"\n<figure class=\"wp-block-pullquote\"><blockquote><p>Tanto Fitch como OCDE han proyectado una contracci\u00f3n en la econom\u00eda del 1.3% para M\u00e9xico en este 2025.<\/p><\/blockquote><\/figure>\n\n\n\n<p class=\"has-drop-cap\">Marcelo Ebrard, el secretario de Econom\u00eda, descart\u00f3 una posible recesi\u00f3n econ\u00f3mica para M\u00e9xico en 2026, en medio de la incertidumbre por la imposici\u00f3n de aranceles por parte del Gobierno de Estados Unidos.<br><\/p>\n\n\n\n<p>El funcionario confes\u00f3, que existe el riesgo en un escenario futuro, como han advertido organismos y agencias internacionales, pero afirm\u00f3 que el Gobierno mexicano trabaja en estrategias para mitigar cualquier impacto en la econom\u00eda nacional.<br><\/p>\n\n\n\n<p>La Organizaci\u00f3n para la Cooperaci\u00f3n y el Desarrollo Econ\u00f3mico (OCDE) proyect\u00f3 el lunes una contracci\u00f3n en la econom\u00eda del 1.3% para 2025 y una recuperaci\u00f3n moderada del -0.6% en 2026.<br><\/p>\n\n\n\n<p>Ebrard advirti\u00f3 que, en mayor medida, depender\u00e1 de las decisiones que tome Estados Unidos, en medio de una guerra arancelaria impulsada por el presidente Donald Trump.<br><\/p>\n\n\n\n<p>\u201cEl tema de la recesi\u00f3n es algo que depender\u00e1 de las decisiones que tome Estados Unidos y de otros pa\u00edses del mundo\u201d, coment\u00f3 Ebrard.<br><\/p>\n\n\n\n<p>Como parte de los esfuerzos para proteger la econom\u00eda mexicana, Ebrard inform\u00f3 que el Gobierno est\u00e1 en comunicaci\u00f3n con sectores estrat\u00e9gicos, como el automotriz y de autopartes, as\u00ed como del aluminio y del acero, para evaluar medidas que reduzcan el impacto de posibles aranceles de 25% a productos mexicanos.<br><\/p>\n\n\n\n<p>El canciller explic\u00f3 que la industria automotriz nacional est\u00e1 altamente integrada con Estados Unidos, ya que muchas piezas cruzan la frontera entre cinco y ocho veces antes de convertirse en productos terminados.<br><\/p>\n\n\n\n<p>Ebrard destac\u00f3 que M\u00e9xico est\u00e1 buscando soluciones que eviten represalias comerciales y permitan mantener la competitividad de la regi\u00f3n.<br><\/p>\n\n\n\n<p>\u201cEstamos analizando muchas medidas no solo esa de aranceles para ver c\u00f3mo podemos reducir el impacto, en vez de agrandarlo. Entre m\u00e1s aranceles hay entre nosotros, m\u00e1s grande el impacto\u201d, afirm\u00f3.<br><\/p>\n\n\n\n<p>Mencion\u00f3 que el Gobierno ha realizado operativos contra empresas que simulaban importaciones temporales sin cumplir con las regulaciones del Tratado entre M\u00e9xico, Estados Unidos y Canad\u00e1 (T-MEC), afectando la estabilidad del comercio bilateral.<br><\/p>\n\n\n\n<p>En un evento previo en el recinto de la Secretar\u00eda de Econom\u00eda, Ebrard anunci\u00f3 la aceleraci\u00f3n del programa \u2018Hecho en M\u00e9xico\u2019, una iniciativa dise\u00f1ada para fortalecer a las empresas nacionales con capacidad de exportaci\u00f3n e innovaci\u00f3n.<br><\/p>\n\n\n\n<p>El funcionario reconoci\u00f3 que muchas compa\u00f1\u00edas mexicanas enfrentan barreras burocr\u00e1ticas y pr\u00e1cticas de competencia desleal, como el dumping de productos extranjeros.<br><\/p>\n\n\n\n<p>Se\u00f1al\u00f3 que buscar\u00e1n facilitar m\u00e1s tr\u00e1mites burocr\u00e1ticos, ya que ahora los procesos regulatorios pueden tardar meses, lo que pone en desventaja a la industria mexicana.<\/p>\n","protected":false},"excerpt":{"rendered":"<p>Tanto Fitch como OCDE han proyectado una contracci\u00f3n en la econom\u00eda del 1.3% para M\u00e9xico en este 2025. Marcelo Ebrard, el secretario de Econom\u00eda, descart\u00f3 una posible recesi\u00f3n econ\u00f3mica para M\u00e9xico en 2026, en medio de la incertidumbre por la imposici\u00f3n de aranceles por parte del Gobierno de Estados Unidos. El funcionario confes\u00f3, que existe [&hellip;]<\/p>\n","protected":false},"author":1,"featured_media":78645,"comment_status":"closed","ping_status":"closed","sticky":false,"template":"","format":"standard","meta":{"footnotes":""},"categories":[30,34],"tags":[],"class_list":["post-78644","post","type-post","status-publish","format-standard","has-post-thumbnail","hentry","category-destacado","category-nacional"],"_links":{"self":[{"href":"https:\/\/elinformante.mx\/index.php?rest_route=\/wp\/v2\/posts\/78644","targetHints":{"allow":["GET"]}}],"collection":[{"href":"https:\/\/elinformante.mx\/index.php?rest_route=\/wp\/v2\/posts"}],"about":[{"href":"https:\/\/elinformante.mx\/index.php?rest_route=\/wp\/v2\/types\/post"}],"author":[{"embeddable":true,"href":"https:\/\/elinformante.mx\/index.php?rest_route=\/wp\/v2\/users\/1"}],"replies":[{"embeddable":true,"href":"https:\/\/elinformante.mx\/index.php?rest_route=%2Fwp%2Fv2%2Fcomments&post=78644"}],"version-history":[{"count":0,"href":"https:\/\/elinformante.mx\/index.php?rest_route=\/wp\/v2\/posts\/78644\/revisions"}],"wp:featuredmedia":[{"embeddable":true,"href":"https:\/\/elinformante.mx\/index.php?rest_route=\/wp\/v2\/media\/78645"}],"wp:attachment":[{"href":"https:\/\/elinformante.mx\/index.php?rest_route=%2Fwp%2Fv2%2Fmedia&parent=78644"}],"wp:term":[{"taxonomy":"category","embeddable":true,"href":"https:\/\/elinformante.mx\/index.php?rest_route=%2Fwp%2Fv2%2Fcategories&post=78644"},{"taxonomy":"post_tag","embeddable":true,"href":"https:\/\/elinformante.mx\/index.php?rest_route=%2Fwp%2Fv2%2Ftags&post=78644"}],"curies":[{"name":"wp","href":"https:\/\/api.w.org\/{rel}","templated":true}]}}