{"id":78710,"date":"2025-03-19T16:12:01","date_gmt":"2025-03-19T22:12:01","guid":{"rendered":"https:\/\/elinformante.mx\/?p=78710"},"modified":"2025-03-19T16:12:03","modified_gmt":"2025-03-19T22:12:03","slug":"confirma-gertz-manero-hallazgo-de-r3st0s-humanos-en-rancho-izaguirre","status":"publish","type":"post","link":"https:\/\/elinformante.mx\/?p=78710","title":{"rendered":"CONFIRMA GERTZ MANERO HALLAZGO DE R3ST0S HUMANOS EN RANCHO IZAGUIRRE"},"content":{"rendered":"\n<p>El titular de la FGR, Alejandro Gertz Manero, indic\u00f3 que s\u00ed se encontraron restos humanos en el rancho Izaguirre de Teuchitl\u00e1n, Jalisco, aunque dijo que a\u00fan no hay pruebas periciales para establecer que se cremaron cuerpos en el lugar.\u00a0\u00a0\u00a0\u00a0\u00a0<br><\/p>\n\n\n\n<p>Gertz Manero, se\u00f1al\u00f3\u00a0 que al momento no hay las pruebas suficientes para establecer que el lugar era un campo de exterminio o de adiestramiento.\u00a0<br><\/p>\n","protected":false},"excerpt":{"rendered":"<p>El titular de la FGR, Alejandro Gertz Manero, indic\u00f3 que s\u00ed se encontraron restos humanos en el rancho Izaguirre de Teuchitl\u00e1n, Jalisco, aunque dijo que a\u00fan no hay pruebas periciales para establecer que se cremaron cuerpos en el lugar.\u00a0\u00a0\u00a0\u00a0\u00a0 Gertz Manero, se\u00f1al\u00f3\u00a0 que al momento no hay las pruebas suficientes para establecer que el lugar [&hellip;]<\/p>\n","protected":false},"author":2,"featured_media":78711,"comment_status":"closed","ping_status":"closed","sticky":false,"template":"","format":"standard","meta":{"footnotes":""},"categories":[34],"tags":[],"class_list":["post-78710","post","type-post","status-publish","format-standard","has-post-thumbnail","hentry","category-nacional"],"_links":{"self":[{"href":"https:\/\/elinformante.mx\/index.php?rest_route=\/wp\/v2\/posts\/78710","targetHints":{"allow":["GET"]}}],"collection":[{"href":"https:\/\/elinformante.mx\/index.php?rest_route=\/wp\/v2\/posts"}],"about":[{"href":"https:\/\/elinformante.mx\/index.php?rest_route=\/wp\/v2\/types\/post"}],"author":[{"embeddable":true,"href":"https:\/\/elinformante.mx\/index.php?rest_route=\/wp\/v2\/users\/2"}],"replies":[{"embeddable":true,"href":"https:\/\/elinformante.mx\/index.php?rest_route=%2Fwp%2Fv2%2Fcomments&post=78710"}],"version-history":[{"count":0,"href":"https:\/\/elinformante.mx\/index.php?rest_route=\/wp\/v2\/posts\/78710\/revisions"}],"wp:featuredmedia":[{"embeddable":true,"href":"https:\/\/elinformante.mx\/index.php?rest_route=\/wp\/v2\/media\/78711"}],"wp:attachment":[{"href":"https:\/\/elinformante.mx\/index.php?rest_route=%2Fwp%2Fv2%2Fmedia&parent=78710"}],"wp:term":[{"taxonomy":"category","embeddable":true,"href":"https:\/\/elinformante.mx\/index.php?rest_route=%2Fwp%2Fv2%2Fcategories&post=78710"},{"taxonomy":"post_tag","embeddable":true,"href":"https:\/\/elinformante.mx\/index.php?rest_route=%2Fwp%2Fv2%2Ftags&post=78710"}],"curies":[{"name":"wp","href":"https:\/\/api.w.org\/{rel}","templated":true}]}}