{"id":78713,"date":"2025-03-19T16:13:29","date_gmt":"2025-03-19T22:13:29","guid":{"rendered":"https:\/\/elinformante.mx\/?p=78713"},"modified":"2025-03-19T16:13:30","modified_gmt":"2025-03-19T22:13:30","slug":"gerardo-ortiz-se-declara-culpable-por-vinculos-con-el-cjng","status":"publish","type":"post","link":"https:\/\/elinformante.mx\/?p=78713","title":{"rendered":"GERARDO ORTIZ SE DECLARA CULPABLE POR V\u00cdNCULOS CON EL CJNG"},"content":{"rendered":"\n<p>El reconocido cantante de corridos, Gerardo Ortiz, se declar\u00f3 culpable de conspiraci\u00f3n por violar la Ley Kingpi de EU; el artista habr\u00eda participado en 6 conciertos ligados al CJNG.\u00a0<br><\/p>\n","protected":false},"excerpt":{"rendered":"<p>El reconocido cantante de corridos, Gerardo Ortiz, se declar\u00f3 culpable de conspiraci\u00f3n por violar la Ley Kingpi de EU; el artista habr\u00eda participado en 6 conciertos ligados al CJNG.\u00a0<\/p>\n","protected":false},"author":2,"featured_media":78714,"comment_status":"closed","ping_status":"closed","sticky":false,"template":"","format":"standard","meta":{"footnotes":""},"categories":[39,34],"tags":[],"class_list":["post-78713","post","type-post","status-publish","format-standard","has-post-thumbnail","hentry","category-espectaculos","category-nacional"],"_links":{"self":[{"href":"https:\/\/elinformante.mx\/index.php?rest_route=\/wp\/v2\/posts\/78713","targetHints":{"allow":["GET"]}}],"collection":[{"href":"https:\/\/elinformante.mx\/index.php?rest_route=\/wp\/v2\/posts"}],"about":[{"href":"https:\/\/elinformante.mx\/index.php?rest_route=\/wp\/v2\/types\/post"}],"author":[{"embeddable":true,"href":"https:\/\/elinformante.mx\/index.php?rest_route=\/wp\/v2\/users\/2"}],"replies":[{"embeddable":true,"href":"https:\/\/elinformante.mx\/index.php?rest_route=%2Fwp%2Fv2%2Fcomments&post=78713"}],"version-history":[{"count":0,"href":"https:\/\/elinformante.mx\/index.php?rest_route=\/wp\/v2\/posts\/78713\/revisions"}],"wp:featuredmedia":[{"embeddable":true,"href":"https:\/\/elinformante.mx\/index.php?rest_route=\/wp\/v2\/media\/78714"}],"wp:attachment":[{"href":"https:\/\/elinformante.mx\/index.php?rest_route=%2Fwp%2Fv2%2Fmedia&parent=78713"}],"wp:term":[{"taxonomy":"category","embeddable":true,"href":"https:\/\/elinformante.mx\/index.php?rest_route=%2Fwp%2Fv2%2Fcategories&post=78713"},{"taxonomy":"post_tag","embeddable":true,"href":"https:\/\/elinformante.mx\/index.php?rest_route=%2Fwp%2Fv2%2Ftags&post=78713"}],"curies":[{"name":"wp","href":"https:\/\/api.w.org\/{rel}","templated":true}]}}