{"id":78862,"date":"2025-03-21T06:03:34","date_gmt":"2025-03-21T12:03:34","guid":{"rendered":"https:\/\/elinformante.mx\/?p=78862"},"modified":"2025-03-21T06:03:40","modified_gmt":"2025-03-21T12:03:40","slug":"confirman-el-desarrollo-de-la-pelicula-coco-2","status":"publish","type":"post","link":"https:\/\/elinformante.mx\/?p=78862","title":{"rendered":"Confirman el desarrollo de la pel\u00edcula Coco 2"},"content":{"rendered":"\n<figure class=\"wp-block-pullquote\"><blockquote><p>La pel\u00edcula de la casa Disney llegar\u00e1 en poco tiempo a los cines.<\/p><\/blockquote><\/figure>\n\n\n\n<p class=\"has-drop-cap\">Coco es una de las pel\u00edculas m\u00e1s queridas y exitosas de Disney y Pixar, y ahora tendr\u00e1 una secuela que encantar\u00e1 a los fan\u00e1ticos.<br><\/p>\n\n\n\n<p>Coco 2 ya se encuentra en desarrollo, y lo mejor de todo es que muy pronto estar\u00e1 en pantalla grande, continuando la emotiva y vibrante historia de Miguel Rivera y su familia.<br><\/p>\n\n\n\n<p>Desp\u00faes que fuera en 2017 un \u00e9xito la pel\u00edcula, y que se ganara el coraz\u00f3n de millones de personas y se alz\u00f3 con premios como el \u00d3scar a la Mejor Pel\u00edcula Animada, las expectativas para esta secuela son alt\u00edsimas. Ahora, Coco 2 es un hecho y pronto llegar\u00e1 a cines.<br><\/p>\n\n\n\n<p>El medio especializado Variety revel\u00f3 una noticia que emocion\u00f3 a todos los fan\u00e1ticos de Coco y del cine animado en general: Coco 2 ya est\u00e1 en desarrollo. Esta confirmaci\u00f3n lleg\u00f3 despu\u00e9s de que Bob Iger, el director ejecutivo de Disney, compartiera la noticia durante una reciente conferencia de prensa.<br><\/p>\n\n\n\n<p>De acuerdo con Iger, la pel\u00edcula se encuentra en su primera fase de desarrollo, lo que significa que a\u00fan hay muchos detalles por revelar, pero sin duda, esta secuela promete ser tan impactante como la primera entrega.<br><\/p>\n\n\n\n<p>La trama de Coco 2 todav\u00eda se mantiene en secreto, se adelant\u00f3 que la pel\u00edcula abordar\u00e1 diferentes emociones, como la diversi\u00f3n y la emoci\u00f3n, y que se centrar\u00e1 en una nueva aventura.<br><\/p>\n\n\n\n<p>Los detalles sobre los personajes que acompa\u00f1ar\u00e1n a Miguel en esta secuela a\u00fan no han sido confirmados, pero se especula que podr\u00eda profundizar m\u00e1s en su relaci\u00f3n con sus antepasados y el Mundo de los Muertos, que fascin\u00f3 a tantas personas en la primera pel\u00edcula.<br><\/p>\n\n\n\n<p>Un detalle que ha emocionado a\u00fan m\u00e1s a los seguidores de Coco 2 es que algunos de los grandes talentos que trabajaron en la primera pel\u00edcula volver\u00e1n para la secuela. La pel\u00edcula ser\u00e1 dirigida por Lee Unkrich, quien fue el director de la primera entrega de Coco.<br><\/p>\n\n\n\n<p>Mark Nielsen se encargar\u00e1 de la producci\u00f3n de Coco 2. Nielsen, quien ya ha trabajado en otras exitosas pel\u00edculas de Pixar como Toy Story 4 e Intensamente, ha sido reconocido por su capacidad para gestionar proyectos de gran escala y aportar ideas frescas a la mesa.<\/p>\n\n\n\n<p><\/p>\n","protected":false},"excerpt":{"rendered":"<p>La pel\u00edcula de la casa Disney llegar\u00e1 en poco tiempo a los cines. Coco es una de las pel\u00edculas m\u00e1s queridas y exitosas de Disney y Pixar, y ahora tendr\u00e1 una secuela que encantar\u00e1 a los fan\u00e1ticos. Coco 2 ya se encuentra en desarrollo, y lo mejor de todo es que muy pronto estar\u00e1 en [&hellip;]<\/p>\n","protected":false},"author":1,"featured_media":78866,"comment_status":"closed","ping_status":"closed","sticky":false,"template":"","format":"standard","meta":{"footnotes":""},"categories":[39],"tags":[],"class_list":["post-78862","post","type-post","status-publish","format-standard","has-post-thumbnail","hentry","category-espectaculos"],"_links":{"self":[{"href":"https:\/\/elinformante.mx\/index.php?rest_route=\/wp\/v2\/posts\/78862","targetHints":{"allow":["GET"]}}],"collection":[{"href":"https:\/\/elinformante.mx\/index.php?rest_route=\/wp\/v2\/posts"}],"about":[{"href":"https:\/\/elinformante.mx\/index.php?rest_route=\/wp\/v2\/types\/post"}],"author":[{"embeddable":true,"href":"https:\/\/elinformante.mx\/index.php?rest_route=\/wp\/v2\/users\/1"}],"replies":[{"embeddable":true,"href":"https:\/\/elinformante.mx\/index.php?rest_route=%2Fwp%2Fv2%2Fcomments&post=78862"}],"version-history":[{"count":0,"href":"https:\/\/elinformante.mx\/index.php?rest_route=\/wp\/v2\/posts\/78862\/revisions"}],"wp:featuredmedia":[{"embeddable":true,"href":"https:\/\/elinformante.mx\/index.php?rest_route=\/wp\/v2\/media\/78866"}],"wp:attachment":[{"href":"https:\/\/elinformante.mx\/index.php?rest_route=%2Fwp%2Fv2%2Fmedia&parent=78862"}],"wp:term":[{"taxonomy":"category","embeddable":true,"href":"https:\/\/elinformante.mx\/index.php?rest_route=%2Fwp%2Fv2%2Fcategories&post=78862"},{"taxonomy":"post_tag","embeddable":true,"href":"https:\/\/elinformante.mx\/index.php?rest_route=%2Fwp%2Fv2%2Ftags&post=78862"}],"curies":[{"name":"wp","href":"https:\/\/api.w.org\/{rel}","templated":true}]}}