{"id":78878,"date":"2025-03-21T06:16:39","date_gmt":"2025-03-21T12:16:39","guid":{"rendered":"https:\/\/elinformante.mx\/?p=78878"},"modified":"2025-03-21T06:16:43","modified_gmt":"2025-03-21T12:16:43","slug":"es-asesinado-alejo-cedillo-regidor-de-movimiento-ciudadano-en-ocuilan","status":"publish","type":"post","link":"https:\/\/elinformante.mx\/?p=78878","title":{"rendered":"Es asesinado Alejo Cedillo, regidor de Movimiento Ciudadano en Ocuilan"},"content":{"rendered":"\n<figure class=\"wp-block-pullquote\"><blockquote><p>El regidor iba a bordo de una camioneta cuando fue atacado a tiros.<\/p><\/blockquote><\/figure>\n\n\n\n<p class=\"has-drop-cap\">Fue asesinado a balazos el regidor del municipio de Ocuilan, Estado de M\u00e9xico, Alejo Cedillo Cedillo. El hecho ocurri\u00f3 en las inmediaciones del Ayuntamiento de Ocuilan, ubicado en la colonia centro del municipio del sur del Estado de M\u00e9xico.<br><\/p>\n\n\n\n<p>Seg\u00fan los reportes, el funcionario p\u00fablico del partido Movimiento Ciudadano (MC) recibi\u00f3 varios disparos de arma de fuego cuando presuntamente se trasladaba en su camioneta.<br><\/p>\n\n\n\n<p>Una persona que lo acompa\u00f1aba y que se desempe\u00f1a como secretario t\u00e9cnico del Ayuntamiento result\u00f3 herido por lo que fue traslado a un hospital de la zona para recibir atenci\u00f3n m\u00e9dica.<br><\/p>\n\n\n\n<figure class=\"wp-block-image size-large\"><img fetchpriority=\"high\" decoding=\"async\" width=\"1024\" height=\"506\" src=\"https:\/\/elinformante.mx\/wp-content\/uploads\/2025\/03\/13ES-ASESINADO-1024x506.jpg\" alt=\"\" class=\"wp-image-78880\" srcset=\"https:\/\/elinformante.mx\/wp-content\/uploads\/2025\/03\/13ES-ASESINADO-1024x506.jpg 1024w, https:\/\/elinformante.mx\/wp-content\/uploads\/2025\/03\/13ES-ASESINADO-300x148.jpg 300w, https:\/\/elinformante.mx\/wp-content\/uploads\/2025\/03\/13ES-ASESINADO-768x379.jpg 768w, https:\/\/elinformante.mx\/wp-content\/uploads\/2025\/03\/13ES-ASESINADO.jpg 1140w\" sizes=\"(max-width: 1024px) 100vw, 1024px\" \/><\/figure>\n\n\n\n<p>Se inici\u00f3 un dispositivo integrado por elementos de la Secretar\u00eda de Seguridad del Estado de M\u00e9xico (SSEM) quienes realizar\u00edan la investigaci\u00f3n para dar con los presuntos responsables de este hecho delictivo.<br><\/p>\n\n\n\n<p>Este acto de violencia se suma a la agresi\u00f3n del 8 de diciembre de 2024 que provoc\u00f3 la muerte de Rodrigo V\u00e1zquez, un empresario y operador de Movimiento Ciudadano en Ocuilan, que fue asesinado balazos cuando estaba a bordo de una camioneta estacionada en las inmediaciones del Palacio Municipal<br><\/p>\n\n\n\n<p>La quinta regidora del municipio de Ocuilan, Nataly G\u00f3mez Coronel conden\u00f3 el asesinato del primer regidor Alejo Cedillo.<br><\/p>\n\n\n\n<p>La dirigente de Movimiento Ciudadano en el Estado de M\u00e9xico, Juanita Bonilla Jaime, conden\u00f3 y exigi\u00f3 esclarecer el homicidio del primer regidor de Ocuilan, Alejo Cedillo, ocurrido la ma\u00f1ana de este jueves frente a la presidencia municipal.<\/p>\n\n\n\n<p><\/p>\n","protected":false},"excerpt":{"rendered":"<p>El regidor iba a bordo de una camioneta cuando fue atacado a tiros. Fue asesinado a balazos el regidor del municipio de Ocuilan, Estado de M\u00e9xico, Alejo Cedillo Cedillo. El hecho ocurri\u00f3 en las inmediaciones del Ayuntamiento de Ocuilan, ubicado en la colonia centro del municipio del sur del Estado de M\u00e9xico. Seg\u00fan los reportes, [&hellip;]<\/p>\n","protected":false},"author":1,"featured_media":78879,"comment_status":"closed","ping_status":"closed","sticky":false,"template":"","format":"standard","meta":{"footnotes":""},"categories":[36,37],"tags":[],"class_list":["post-78878","post","type-post","status-publish","format-standard","has-post-thumbnail","hentry","category-edomex","category-justicia"],"_links":{"self":[{"href":"https:\/\/elinformante.mx\/index.php?rest_route=\/wp\/v2\/posts\/78878","targetHints":{"allow":["GET"]}}],"collection":[{"href":"https:\/\/elinformante.mx\/index.php?rest_route=\/wp\/v2\/posts"}],"about":[{"href":"https:\/\/elinformante.mx\/index.php?rest_route=\/wp\/v2\/types\/post"}],"author":[{"embeddable":true,"href":"https:\/\/elinformante.mx\/index.php?rest_route=\/wp\/v2\/users\/1"}],"replies":[{"embeddable":true,"href":"https:\/\/elinformante.mx\/index.php?rest_route=%2Fwp%2Fv2%2Fcomments&post=78878"}],"version-history":[{"count":0,"href":"https:\/\/elinformante.mx\/index.php?rest_route=\/wp\/v2\/posts\/78878\/revisions"}],"wp:featuredmedia":[{"embeddable":true,"href":"https:\/\/elinformante.mx\/index.php?rest_route=\/wp\/v2\/media\/78879"}],"wp:attachment":[{"href":"https:\/\/elinformante.mx\/index.php?rest_route=%2Fwp%2Fv2%2Fmedia&parent=78878"}],"wp:term":[{"taxonomy":"category","embeddable":true,"href":"https:\/\/elinformante.mx\/index.php?rest_route=%2Fwp%2Fv2%2Fcategories&post=78878"},{"taxonomy":"post_tag","embeddable":true,"href":"https:\/\/elinformante.mx\/index.php?rest_route=%2Fwp%2Fv2%2Ftags&post=78878"}],"curies":[{"name":"wp","href":"https:\/\/api.w.org\/{rel}","templated":true}]}}