{"id":78882,"date":"2025-03-21T06:19:41","date_gmt":"2025-03-21T12:19:41","guid":{"rendered":"https:\/\/elinformante.mx\/?p=78882"},"modified":"2025-03-21T06:19:51","modified_gmt":"2025-03-21T12:19:51","slug":"procesan-a-alejandro-n-por-el-delito-de-homicidio-en-contra-de-5-policias","status":"publish","type":"post","link":"https:\/\/elinformante.mx\/?p=78882","title":{"rendered":"Procesan a Alejandro \u201cN\u201d por el delito de homicidio en contra de 5 polic\u00edas"},"content":{"rendered":"\n<figure class=\"wp-block-pullquote\"><blockquote><p>Fue ingresado al Centro Penitenciario y de Reinserci\u00f3n Social de Texcoco, a disposici\u00f3n del \u00d3rgano Jurisdiccional<\/p><\/blockquote><\/figure>\n\n\n\n<p class=\"has-drop-cap\">Alejandro \u201cN\u201d, quien el pasado 12 de marzo habr\u00eda realizado detonaciones de arma de fuego contra cinco elementos de la Polic\u00eda de Investigaci\u00f3n de la FGJEM en el municipio de Texcoco, fue vinculado a proceso por el hecho delictivo de homicidio calificado en grado de tentativa.<br><\/p>\n\n\n\n<p>La madrugada del pasado 12 de marzo, agentes de esta Instituci\u00f3n ejecutaron dos t\u00e9cnicas de investigaci\u00f3n de cateo en igual n\u00famero de inmuebles ubicados en el poblado de San Miguel Coatlinch\u00e1n.<br><\/p>\n\n\n\n<p>Los servidores p\u00fablicos abordaron veh\u00edculos y se dirigieron a la calle Cerrada de Tecuac, donde observaron a un masculino quien portaba un arma de fuego, por lo que mediante comandos verbales le indicaron que se detuviera.<br><\/p>\n\n\n\n<p>El implicado intent\u00f3 huir, por lo que Polic\u00edas de Investigaci\u00f3n (PDI) le dieron seguimiento, no obstante, este sujeto habr\u00eda detonado el arma de fuego que portaba en contra de los servidores p\u00fablicos, quienes con uso leg\u00edtimo de la fuerza, repelieron la agresi\u00f3n.<br><\/p>\n\n\n\n<p>Este individuo se introdujo a un inmueble desde donde habr\u00eda continuado con la agresi\u00f3n en contra de los elementos de la Fiscal\u00eda, derivado de lo anterior, cinco Polic\u00edas de Investigaci\u00f3n resultaron con lesiones no graves en brazos y cara, en tanto que el probable agresor que se identific\u00f3 como Alejandro \u201cN\u201d, tambi\u00e9n result\u00f3 con heridas en ambas piernas. Tanto los servidores p\u00fablicos como el detenido fueron atendidos por param\u00e9dicos.<br><\/p>\n\n\n\n<p>Los cinco PDI recibieron atenci\u00f3n m\u00e9dica en un nosocomio y tres d\u00edas despu\u00e9s fueron dados de alta. Por lo que hace al detenido, fue presentado ante el Agente del Ministerio P\u00fablico, quien inici\u00f3 la investigaci\u00f3n correspondiente por homicidio calificado en grado de tentativa.<br><\/p>\n\n\n\n<p>Despu\u00e9s fue ingresado al Centro Penitenciario y de Reinserci\u00f3n Social de Texcoco, a disposici\u00f3n del \u00d3rgano Jurisdiccional, quien determin\u00f3 vincularlo a proceso, con plazo de dos meses para el cierre de investigaci\u00f3n complementaria y medida cautelar de prisi\u00f3n preventiva.<\/p>\n","protected":false},"excerpt":{"rendered":"<p>Fue ingresado al Centro Penitenciario y de Reinserci\u00f3n Social de Texcoco, a disposici\u00f3n del \u00d3rgano Jurisdiccional Alejandro \u201cN\u201d, quien el pasado 12 de marzo habr\u00eda realizado detonaciones de arma de fuego contra cinco elementos de la Polic\u00eda de Investigaci\u00f3n de la FGJEM en el municipio de Texcoco, fue vinculado a proceso por el hecho delictivo [&hellip;]<\/p>\n","protected":false},"author":1,"featured_media":78883,"comment_status":"closed","ping_status":"closed","sticky":false,"template":"","format":"standard","meta":{"footnotes":""},"categories":[36,37],"tags":[],"class_list":["post-78882","post","type-post","status-publish","format-standard","has-post-thumbnail","hentry","category-edomex","category-justicia"],"_links":{"self":[{"href":"https:\/\/elinformante.mx\/index.php?rest_route=\/wp\/v2\/posts\/78882","targetHints":{"allow":["GET"]}}],"collection":[{"href":"https:\/\/elinformante.mx\/index.php?rest_route=\/wp\/v2\/posts"}],"about":[{"href":"https:\/\/elinformante.mx\/index.php?rest_route=\/wp\/v2\/types\/post"}],"author":[{"embeddable":true,"href":"https:\/\/elinformante.mx\/index.php?rest_route=\/wp\/v2\/users\/1"}],"replies":[{"embeddable":true,"href":"https:\/\/elinformante.mx\/index.php?rest_route=%2Fwp%2Fv2%2Fcomments&post=78882"}],"version-history":[{"count":0,"href":"https:\/\/elinformante.mx\/index.php?rest_route=\/wp\/v2\/posts\/78882\/revisions"}],"wp:featuredmedia":[{"embeddable":true,"href":"https:\/\/elinformante.mx\/index.php?rest_route=\/wp\/v2\/media\/78883"}],"wp:attachment":[{"href":"https:\/\/elinformante.mx\/index.php?rest_route=%2Fwp%2Fv2%2Fmedia&parent=78882"}],"wp:term":[{"taxonomy":"category","embeddable":true,"href":"https:\/\/elinformante.mx\/index.php?rest_route=%2Fwp%2Fv2%2Fcategories&post=78882"},{"taxonomy":"post_tag","embeddable":true,"href":"https:\/\/elinformante.mx\/index.php?rest_route=%2Fwp%2Fv2%2Ftags&post=78882"}],"curies":[{"name":"wp","href":"https:\/\/api.w.org\/{rel}","templated":true}]}}