{"id":78892,"date":"2025-03-21T06:32:16","date_gmt":"2025-03-21T12:32:16","guid":{"rendered":"https:\/\/elinformante.mx\/?p=78892"},"modified":"2025-03-21T06:32:19","modified_gmt":"2025-03-21T12:32:19","slug":"toluca-abre-las-puertas-a-la-cultura-y-el-arte-ricardo-moreno","status":"publish","type":"post","link":"https:\/\/elinformante.mx\/?p=78892","title":{"rendered":"Toluca abre las puertas a la cultura y el arte: Ricardo Moreno"},"content":{"rendered":"\n<figure class=\"wp-block-pullquote\"><blockquote><p>Firma convenio de colaboraci\u00f3n con el Fondo de Cultura Econ\u00f3mica, presidido por Paco Ignacio Taibo II<\/p><\/blockquote><\/figure>\n\n\n\n<p class=\"has-drop-cap\">Toluca abre las puertas del arte a todas las familias con la exposici\u00f3n Desde la Intimidad Siqueiros que representa la visi\u00f3n de gobierno progresista del alcalde Ricardo Moreno Bastida que consolida el derecho inalienable a la cultura popular accesible para todos.<br><\/p>\n\n\n\n<p>Ante el Secretario General de Gobierno del Estado de M\u00e9xico, Horacio Duarte Olivares, el Presidente Municipal firm\u00f3 un convenio de colaboraci\u00f3n con el Fondo de Cultura Econ\u00f3mica (FCE), que encabeza Paco Ignacio Taibo II, para garantizar el acceso al conocimiento, a la educaci\u00f3n y a la cultura de la sociedad.<br><\/p>\n\n\n\n<p>Moreno Bastida reiter\u00f3 que estas actividades que forman parte del Festival PrimaverArte se reafirma el objetivo de su administraci\u00f3n, hacer que a trav\u00e9s de la cultura cada espacio tenga vida y sea din\u00e1mico para todos, pues el arte, como lo demostr\u00f3 el muralista y activista David Alfaro Siqueiros, no es un lujo, sino un instrumento de transformaci\u00f3n.<br><\/p>\n\n\n\n<p>Acompa\u00f1ado por David Constantito Rodr\u00edguez Siqueiros, nieto del artista, el Primer Edil se\u00f1al\u00f3 que este reconocido hombre y uno los m\u00e1ximos exponentes del muralismo mexicano, fue tambi\u00e9n un s\u00edmbolo de la lucha por la justicia social y la transformaci\u00f3n de nuestro pa\u00eds, por lo que esta exposici\u00f3n, m\u00e1s all\u00e1 de un homenaje, es una invitaci\u00f3n a reflexionar sobre el papel del arte y la cultura como motores de un cambio social en constante movimiento.<br><\/p>\n\n\n\n<figure class=\"wp-block-image size-large\"><img fetchpriority=\"high\" decoding=\"async\" width=\"1024\" height=\"506\" src=\"https:\/\/elinformante.mx\/wp-content\/uploads\/2025\/03\/11toluca-2-1-1024x506.jpg\" alt=\"\" class=\"wp-image-78894\" srcset=\"https:\/\/elinformante.mx\/wp-content\/uploads\/2025\/03\/11toluca-2-1-1024x506.jpg 1024w, https:\/\/elinformante.mx\/wp-content\/uploads\/2025\/03\/11toluca-2-1-300x148.jpg 300w, https:\/\/elinformante.mx\/wp-content\/uploads\/2025\/03\/11toluca-2-1-768x379.jpg 768w, https:\/\/elinformante.mx\/wp-content\/uploads\/2025\/03\/11toluca-2-1.jpg 1140w\" sizes=\"(max-width: 1024px) 100vw, 1024px\" \/><\/figure>\n\n\n\n<p>El Secretario General de Gobierno, Horacio Duarte, reconoci\u00f3 la importancia del convenio y exposici\u00f3n que forman parte de la estrategia para transformar desde la ra\u00edz a la sociedad mediante la educaci\u00f3n, cultura y arte; adem\u00e1s destac\u00f3 la visi\u00f3n del alcalde para regresarle a Toluca el car\u00e1cter progresista que antes se hab\u00eda desdibujado y ahora se est\u00e1 poniendo guapa, por lo que la gobernadora Delfina G\u00f3mez \u00c1lvarez seguir\u00e1 brindando facilidades y apoyando al municipio.<br><\/p>\n\n\n\n<p>El director del FCE, Paco Ignacio Taibo II, comparti\u00f3 su amor por Toluca y su voluntad para sumar esfuerzos y armar un plan integral para impulsar la lectura a trav\u00e9s de diversas acciones din\u00e1micas y atractivas como libro clubes, librer\u00eda, salas de lectura y ferias de libros.<br><\/p>\n\n\n\n<p>La exposici\u00f3n estar\u00e1 disponible para que toluque\u00f1os y visitantes donde se muestran obras y fotograf\u00edas, as\u00ed como material auditivo de algunas cartas escritas por el muralista a su esposa y a otros personajes simb\u00f3licos de la historia art\u00edstica del pa\u00eds.<br><\/p>\n\n\n\n<p>La muestra que se extiende a lo largo del Museo del Alfe\u00f1ique permanecer\u00e1 abierta hasta el 19 de mayo.<\/p>\n","protected":false},"excerpt":{"rendered":"<p>Firma convenio de colaboraci\u00f3n con el Fondo de Cultura Econ\u00f3mica, presidido por Paco Ignacio Taibo II Toluca abre las puertas del arte a todas las familias con la exposici\u00f3n Desde la Intimidad Siqueiros que representa la visi\u00f3n de gobierno progresista del alcalde Ricardo Moreno Bastida que consolida el derecho inalienable a la cultura popular accesible [&hellip;]<\/p>\n","protected":false},"author":1,"featured_media":78893,"comment_status":"closed","ping_status":"closed","sticky":false,"template":"","format":"standard","meta":{"footnotes":""},"categories":[30,36],"tags":[],"class_list":["post-78892","post","type-post","status-publish","format-standard","has-post-thumbnail","hentry","category-destacado","category-edomex"],"_links":{"self":[{"href":"https:\/\/elinformante.mx\/index.php?rest_route=\/wp\/v2\/posts\/78892","targetHints":{"allow":["GET"]}}],"collection":[{"href":"https:\/\/elinformante.mx\/index.php?rest_route=\/wp\/v2\/posts"}],"about":[{"href":"https:\/\/elinformante.mx\/index.php?rest_route=\/wp\/v2\/types\/post"}],"author":[{"embeddable":true,"href":"https:\/\/elinformante.mx\/index.php?rest_route=\/wp\/v2\/users\/1"}],"replies":[{"embeddable":true,"href":"https:\/\/elinformante.mx\/index.php?rest_route=%2Fwp%2Fv2%2Fcomments&post=78892"}],"version-history":[{"count":0,"href":"https:\/\/elinformante.mx\/index.php?rest_route=\/wp\/v2\/posts\/78892\/revisions"}],"wp:featuredmedia":[{"embeddable":true,"href":"https:\/\/elinformante.mx\/index.php?rest_route=\/wp\/v2\/media\/78893"}],"wp:attachment":[{"href":"https:\/\/elinformante.mx\/index.php?rest_route=%2Fwp%2Fv2%2Fmedia&parent=78892"}],"wp:term":[{"taxonomy":"category","embeddable":true,"href":"https:\/\/elinformante.mx\/index.php?rest_route=%2Fwp%2Fv2%2Fcategories&post=78892"},{"taxonomy":"post_tag","embeddable":true,"href":"https:\/\/elinformante.mx\/index.php?rest_route=%2Fwp%2Fv2%2Ftags&post=78892"}],"curies":[{"name":"wp","href":"https:\/\/api.w.org\/{rel}","templated":true}]}}