{"id":78896,"date":"2025-03-21T06:37:11","date_gmt":"2025-03-21T12:37:11","guid":{"rendered":"https:\/\/elinformante.mx\/?p=78896"},"modified":"2025-03-21T06:37:18","modified_gmt":"2025-03-21T12:37:18","slug":"promueven-en-el-congreso-mexiquense-presea-por-la-defensa-de-la-comunidad-lgbtttiqnb","status":"publish","type":"post","link":"https:\/\/elinformante.mx\/?p=78896","title":{"rendered":"Promueven en el Congreso Mexiquense presea por la defensa de la comunidad LGBTTTIQNB+"},"content":{"rendered":"\n<figure class=\"wp-block-pullquote\"><blockquote><p>Luisa Esmeralda Navarro dio a conocer la convocatoria para la entrega de la presea \u2018Israfil Fil\u00f3s Real\u2019, por la promoci\u00f3n y defensa de los derechos de las poblaciones LGBTTTIQNB+.<\/p><\/blockquote><\/figure>\n\n\n\n<p class=\"has-drop-cap\">Luisa Esmeralda Navarro Hern\u00e1ndez (morena) present\u00f3 en la LXII Legislatura mexiquense la convocatoria para la entrega de la presea \u2018Israfil Fil\u00f3s Real\u2019, por la promoci\u00f3n y defensa de los derechos de las poblaciones LGBTTTIQNB+ (Lesbianas, Gays, Bisexuales, Transg\u00e9nero, Travesti, Transexuales, Intersexual, Queer, No Binario y m\u00e1s).<br><\/p>\n\n\n\n<p>\u201cNuestro movimiento y lucha social tiene muchas personas diferentes y es nuestra responsabilidad reconocerles y socializarlas\u201d, afirm\u00f3 Navarro Hern\u00e1ndez durante la reuni\u00f3n de trabajo de la Comisi\u00f3n Especial para la Defensa de Derechos de las Poblaciones LGBTTTIQ+ (Lesbianas, Gays, Bisexuales, Transg\u00e9nero, Travesti, Transexuales, Intersexual, Queer y m\u00e1s) del Congreso local.<br><\/p>\n\n\n\n<p>Subray\u00f3 que emitir esta convocatoria es una forma de distinguir la lucha, dedicaci\u00f3n, esfuerzo, visibilidad, defensa, protecci\u00f3n y promoci\u00f3n de los derechos de la poblaci\u00f3n de la diversidad sexual por parte de Israfil Fil\u00f3s, quien organiz\u00f3 hace 22 a\u00f1os la primera marcha estatal del orgullo y form\u00f3 e impuls\u00f3 a activistas mexiquenses.<br><\/p>\n\n\n\n<p>A\u00f1adi\u00f3 que esta presea contribuir\u00e1 a reconocer y salvaguardar la memoria hist\u00f3rica de este sector poblacional, por lo que solicit\u00f3, a quienes integran la Comisi\u00f3n, realizar observaciones a m\u00e1s tardar el pr\u00f3ximo 24 de marzo.<\/p>\n","protected":false},"excerpt":{"rendered":"<p>Luisa Esmeralda Navarro dio a conocer la convocatoria para la entrega de la presea \u2018Israfil Fil\u00f3s Real\u2019, por la promoci\u00f3n y defensa de los derechos de las poblaciones LGBTTTIQNB+. Luisa Esmeralda Navarro Hern\u00e1ndez (morena) present\u00f3 en la LXII Legislatura mexiquense la convocatoria para la entrega de la presea \u2018Israfil Fil\u00f3s Real\u2019, por la promoci\u00f3n y [&hellip;]<\/p>\n","protected":false},"author":1,"featured_media":78897,"comment_status":"closed","ping_status":"closed","sticky":false,"template":"","format":"standard","meta":{"footnotes":""},"categories":[36],"tags":[],"class_list":["post-78896","post","type-post","status-publish","format-standard","has-post-thumbnail","hentry","category-edomex"],"_links":{"self":[{"href":"https:\/\/elinformante.mx\/index.php?rest_route=\/wp\/v2\/posts\/78896","targetHints":{"allow":["GET"]}}],"collection":[{"href":"https:\/\/elinformante.mx\/index.php?rest_route=\/wp\/v2\/posts"}],"about":[{"href":"https:\/\/elinformante.mx\/index.php?rest_route=\/wp\/v2\/types\/post"}],"author":[{"embeddable":true,"href":"https:\/\/elinformante.mx\/index.php?rest_route=\/wp\/v2\/users\/1"}],"replies":[{"embeddable":true,"href":"https:\/\/elinformante.mx\/index.php?rest_route=%2Fwp%2Fv2%2Fcomments&post=78896"}],"version-history":[{"count":0,"href":"https:\/\/elinformante.mx\/index.php?rest_route=\/wp\/v2\/posts\/78896\/revisions"}],"wp:featuredmedia":[{"embeddable":true,"href":"https:\/\/elinformante.mx\/index.php?rest_route=\/wp\/v2\/media\/78897"}],"wp:attachment":[{"href":"https:\/\/elinformante.mx\/index.php?rest_route=%2Fwp%2Fv2%2Fmedia&parent=78896"}],"wp:term":[{"taxonomy":"category","embeddable":true,"href":"https:\/\/elinformante.mx\/index.php?rest_route=%2Fwp%2Fv2%2Fcategories&post=78896"},{"taxonomy":"post_tag","embeddable":true,"href":"https:\/\/elinformante.mx\/index.php?rest_route=%2Fwp%2Fv2%2Ftags&post=78896"}],"curies":[{"name":"wp","href":"https:\/\/api.w.org\/{rel}","templated":true}]}}