{"id":78899,"date":"2025-03-21T06:40:17","date_gmt":"2025-03-21T12:40:17","guid":{"rendered":"https:\/\/elinformante.mx\/?p=78899"},"modified":"2025-03-21T06:40:20","modified_gmt":"2025-03-21T12:40:20","slug":"firma-uaemex-convenio-de-colaboracion-en-pro-de-la-voluntad-anticipada","status":"publish","type":"post","link":"https:\/\/elinformante.mx\/?p=78899","title":{"rendered":"Firma UAEM\u00e9x convenio de colaboraci\u00f3n en pro de la Voluntad Anticipada"},"content":{"rendered":"\n<figure class=\"wp-block-pullquote\"><blockquote><p>Este convenio entre la UAEM\u00e9x y la Secretar\u00eda de Salud estatal permitir\u00e1 promover, capacitar y sensibilizar a la comunidad acad\u00e9mica, m\u00e9dica y a la poblaci\u00f3n en general sobre la importancia de reflexionar al respecto.<\/p><\/blockquote><\/figure>\n\n\n\n<p class=\"has-drop-cap\">Con el prop\u00f3sito de proteger la autonom\u00eda personal y humanizar la atenci\u00f3n m\u00e9dica al final de la vida, la Universidad Aut\u00f3noma del Estado de M\u00e9xico (UAEM\u00e9x) y la Secretar\u00eda de Salud del Estado de M\u00e9xico firmaron el convenio de Colaboraci\u00f3n de Voluntad Anticipada, durante los trabajos del S\u00e9ptimo Simposio de Voluntades Anticipadas y Cuidados Paliativos.<br><\/p>\n\n\n\n<p>Acompa\u00f1ado por la secretaria de Salud de la entidad mexiquense, Macarena Montoya Olvera, el rector de la M\u00e1xima Casa de Estudios mexiquense, Carlos Eduardo Barrera D\u00edaz, afirm\u00f3 que este convenio permitir\u00e1 a la comunidad acad\u00e9mica y estudiantil la posibilidad de participar activamente en la construcci\u00f3n de la estrateg\u00eda maestra de mejores pr\u00e1cticas en voluntades anticipadas.<br><\/p>\n\n\n\n<p>\u201cPara la Aut\u00f3noma mexiquense es una oportunidad invaluable para extender nuestra labor m\u00e1s all\u00e1 de las aulas y laboratorios universitarios, por lo que este instrumento nos permitir\u00e1 promover, capacitar y sensibilizar a la comunidad acad\u00e9mica, m\u00e9dica y a la poblaci\u00f3n en general sobre la importancia de este instrumento jur\u00eddico, ya que hablar de las voluntades anticipadas es hablar de la dignidad y respeto a los derechos de las personas en los momentos m\u00e1s cr\u00edticos de sus vidas\u201d, destac\u00f3.<br><\/p>\n\n\n\n<figure class=\"wp-block-image size-large\"><img fetchpriority=\"high\" decoding=\"async\" width=\"1024\" height=\"506\" src=\"https:\/\/elinformante.mx\/wp-content\/uploads\/2025\/03\/10UAEMEX-2-9-1024x506.jpg\" alt=\"\" class=\"wp-image-78901\" srcset=\"https:\/\/elinformante.mx\/wp-content\/uploads\/2025\/03\/10UAEMEX-2-9-1024x506.jpg 1024w, https:\/\/elinformante.mx\/wp-content\/uploads\/2025\/03\/10UAEMEX-2-9-300x148.jpg 300w, https:\/\/elinformante.mx\/wp-content\/uploads\/2025\/03\/10UAEMEX-2-9-768x379.jpg 768w, https:\/\/elinformante.mx\/wp-content\/uploads\/2025\/03\/10UAEMEX-2-9.jpg 1140w\" sizes=\"(max-width: 1024px) 100vw, 1024px\" \/><\/figure>\n\n\n\n<p>Montoya Olvera enfatiz\u00f3 que las Voluntades Anticipadas son una carta para dar seguridad al personal m\u00e9dico y las familias sobre c\u00f3mo deben de actuar ante los momentos dif\u00edciles de un paciente, respetando su voluntad.<br><\/p>\n\n\n\n<p>\u201cEs importante que en conjunto reforcemos este gran compromiso, acercando a las personas con enfermedades terminales las herramientas para expresar sus preferencias, teniendo en cuenta los valores y el humanismo que nos caracteriza como mexiquenses\u201d, abund\u00f3.<br><\/p>\n\n\n\n<p>Durante su intervenci\u00f3n, el coordinador de Voluntad Anticipada de la Secretar\u00eda de Salud, Manuel Hern\u00e1ndez Salazar, explic\u00f3 que la Ley de Voluntad Anticipada garantiza a las personas planificar la atenci\u00f3n m\u00e9dica en futuras incapacidades que les impidan tomar decisiones por s\u00ed mismas, adem\u00e1s de hacer conciencia sobre la importancia de los cuidados paliativos como un elemento indispensable que asegure una muerte digna y libre de sufrimiento innecesario.<br><\/p>\n\n\n\n<p>Al acto acudieron la abogada general de la instituci\u00f3n, Luz Mar\u00eda Jaimes Legorreta; el secretario de Extensi\u00f3n y Vinculaci\u00f3n de la UAEM\u00e9x, Francisco Zepeda Mondrag\u00f3n; el coordinador jur\u00eddico de Igualdad de G\u00e9nero y Erradicaci\u00f3n de la Violencia de la Secretar\u00eda de Salud, Julio Ramales Mej\u00eda; el titular del Instituto Mexicano de Seguridad del Estado de M\u00e9xico Poniente, Tonatihu Ortiz Castillo; el ponente e integrante de la Comisi\u00f3n Estatal de Bio\u00e9tica del estado de Jalisco, Rodrigo Ramos Z\u00fa\u00f1iga; integrantes del gabinete universitario y del Colegio de Directores, as\u00ed como alumnado de la UAEM\u00e9x.<\/p>\n","protected":false},"excerpt":{"rendered":"<p>Este convenio entre la UAEM\u00e9x y la Secretar\u00eda de Salud estatal permitir\u00e1 promover, capacitar y sensibilizar a la comunidad acad\u00e9mica, m\u00e9dica y a la poblaci\u00f3n en general sobre la importancia de reflexionar al respecto. Con el prop\u00f3sito de proteger la autonom\u00eda personal y humanizar la atenci\u00f3n m\u00e9dica al final de la vida, la Universidad Aut\u00f3noma [&hellip;]<\/p>\n","protected":false},"author":1,"featured_media":78900,"comment_status":"closed","ping_status":"closed","sticky":false,"template":"","format":"standard","meta":{"footnotes":""},"categories":[30,36],"tags":[],"class_list":["post-78899","post","type-post","status-publish","format-standard","has-post-thumbnail","hentry","category-destacado","category-edomex"],"_links":{"self":[{"href":"https:\/\/elinformante.mx\/index.php?rest_route=\/wp\/v2\/posts\/78899","targetHints":{"allow":["GET"]}}],"collection":[{"href":"https:\/\/elinformante.mx\/index.php?rest_route=\/wp\/v2\/posts"}],"about":[{"href":"https:\/\/elinformante.mx\/index.php?rest_route=\/wp\/v2\/types\/post"}],"author":[{"embeddable":true,"href":"https:\/\/elinformante.mx\/index.php?rest_route=\/wp\/v2\/users\/1"}],"replies":[{"embeddable":true,"href":"https:\/\/elinformante.mx\/index.php?rest_route=%2Fwp%2Fv2%2Fcomments&post=78899"}],"version-history":[{"count":0,"href":"https:\/\/elinformante.mx\/index.php?rest_route=\/wp\/v2\/posts\/78899\/revisions"}],"wp:featuredmedia":[{"embeddable":true,"href":"https:\/\/elinformante.mx\/index.php?rest_route=\/wp\/v2\/media\/78900"}],"wp:attachment":[{"href":"https:\/\/elinformante.mx\/index.php?rest_route=%2Fwp%2Fv2%2Fmedia&parent=78899"}],"wp:term":[{"taxonomy":"category","embeddable":true,"href":"https:\/\/elinformante.mx\/index.php?rest_route=%2Fwp%2Fv2%2Fcategories&post=78899"},{"taxonomy":"post_tag","embeddable":true,"href":"https:\/\/elinformante.mx\/index.php?rest_route=%2Fwp%2Fv2%2Ftags&post=78899"}],"curies":[{"name":"wp","href":"https:\/\/api.w.org\/{rel}","templated":true}]}}