{"id":78903,"date":"2025-03-21T06:44:10","date_gmt":"2025-03-21T12:44:10","guid":{"rendered":"https:\/\/elinformante.mx\/?p=78903"},"modified":"2025-03-21T06:44:12","modified_gmt":"2025-03-21T12:44:12","slug":"sedui-impulsa-el-comercio-local-y-regional-con-la-construccion-de-mercados-en-el-edomex","status":"publish","type":"post","link":"https:\/\/elinformante.mx\/?p=78903","title":{"rendered":"SEDUI impulsa el comercio local y regional con la construcci\u00f3n de mercados en el Edom\u00e9x"},"content":{"rendered":"\n<figure class=\"wp-block-pullquote\"><blockquote><p>-El Titular de la Sedui supervis\u00f3 la modernizaci\u00f3n del Mercado Municipal en Timilpan y la construcci\u00f3n del Tianguis Municipal de Jilotepec.<\/p><\/blockquote><\/figure>\n\n\n\n<p class=\"has-drop-cap\">El Gobierno de la Maestra Delfina G\u00f3mez \u00c1lvarez lleva a cabo la construcci\u00f3n, rehabilitaci\u00f3n y modernizaci\u00f3n de siete mercados municipales en el Estado de M\u00e9xico, espacios que otorgar\u00e1n a las y los mexiquenses un futuro m\u00e1s pr\u00f3spero.<br><\/p>\n\n\n\n<p>Al supervisar los avances de obra de dos mercados de este tipo, uno en Timilpan y otro en Jilotepec, Carlos Maza Lara, Titular de la Secretar\u00eda de Desarrollo Urbano e Infraestructura (Sedui), destac\u00f3 que estos espacios p\u00fablicos tienen una gran importancia para las comunidades porque aportan beneficios sociales, al ser puntos de encuentro e interacci\u00f3n de los mexiquenses.<br><\/p>\n\n\n\n<figure class=\"wp-block-image size-large\"><img fetchpriority=\"high\" decoding=\"async\" width=\"1024\" height=\"506\" src=\"https:\/\/elinformante.mx\/wp-content\/uploads\/2025\/03\/12sedui-1024x506.jpg\" alt=\"\" class=\"wp-image-78905\" srcset=\"https:\/\/elinformante.mx\/wp-content\/uploads\/2025\/03\/12sedui-1024x506.jpg 1024w, https:\/\/elinformante.mx\/wp-content\/uploads\/2025\/03\/12sedui-300x148.jpg 300w, https:\/\/elinformante.mx\/wp-content\/uploads\/2025\/03\/12sedui-768x379.jpg 768w, https:\/\/elinformante.mx\/wp-content\/uploads\/2025\/03\/12sedui.jpg 1140w\" sizes=\"(max-width: 1024px) 100vw, 1024px\" \/><\/figure>\n\n\n\n<p>En el Mercado Municipal de Timilpan, Carlos Maza Lara se refiri\u00f3 a las aportaciones econ\u00f3micas de estos sitios, debido a que favorecen el comercio de productos locales y regionales; mientras que, en Jilotepec, mencion\u00f3 que este tipo de proyectos tambi\u00e9n aporta beneficios urbanos al fortalecer el espacio p\u00fablico que, como en estos casos, son s\u00edmbolos de identidad y tradici\u00f3n de las comunidades.<br><\/p>\n\n\n\n<p>Los siete mercados que se modernizan est\u00e1n ubicados en los municipios de Texcaltitl\u00e1n, Melchor Ocampo, Chiconcuac, Chiautla, Timilpan, Jilotepec y Xonacatl\u00e1n, este \u00faltimo ya fue inaugurado.<br><\/p>\n\n\n\n<p>Estas obras forman parte de los 72 proyectos del Programa de Obra P\u00fablica, a cargo de la Sedui, que lleva a cabo el Gobierno del Estado de M\u00e9xico para dar espacios dignos a las y los mexiquenses de todo el territorio estatal.<\/p>\n","protected":false},"excerpt":{"rendered":"<p>-El Titular de la Sedui supervis\u00f3 la modernizaci\u00f3n del Mercado Municipal en Timilpan y la construcci\u00f3n del Tianguis Municipal de Jilotepec. El Gobierno de la Maestra Delfina G\u00f3mez \u00c1lvarez lleva a cabo la construcci\u00f3n, rehabilitaci\u00f3n y modernizaci\u00f3n de siete mercados municipales en el Estado de M\u00e9xico, espacios que otorgar\u00e1n a las y los mexiquenses un [&hellip;]<\/p>\n","protected":false},"author":1,"featured_media":78904,"comment_status":"closed","ping_status":"closed","sticky":false,"template":"","format":"standard","meta":{"footnotes":""},"categories":[36],"tags":[],"class_list":["post-78903","post","type-post","status-publish","format-standard","has-post-thumbnail","hentry","category-edomex"],"_links":{"self":[{"href":"https:\/\/elinformante.mx\/index.php?rest_route=\/wp\/v2\/posts\/78903","targetHints":{"allow":["GET"]}}],"collection":[{"href":"https:\/\/elinformante.mx\/index.php?rest_route=\/wp\/v2\/posts"}],"about":[{"href":"https:\/\/elinformante.mx\/index.php?rest_route=\/wp\/v2\/types\/post"}],"author":[{"embeddable":true,"href":"https:\/\/elinformante.mx\/index.php?rest_route=\/wp\/v2\/users\/1"}],"replies":[{"embeddable":true,"href":"https:\/\/elinformante.mx\/index.php?rest_route=%2Fwp%2Fv2%2Fcomments&post=78903"}],"version-history":[{"count":0,"href":"https:\/\/elinformante.mx\/index.php?rest_route=\/wp\/v2\/posts\/78903\/revisions"}],"wp:featuredmedia":[{"embeddable":true,"href":"https:\/\/elinformante.mx\/index.php?rest_route=\/wp\/v2\/media\/78904"}],"wp:attachment":[{"href":"https:\/\/elinformante.mx\/index.php?rest_route=%2Fwp%2Fv2%2Fmedia&parent=78903"}],"wp:term":[{"taxonomy":"category","embeddable":true,"href":"https:\/\/elinformante.mx\/index.php?rest_route=%2Fwp%2Fv2%2Fcategories&post=78903"},{"taxonomy":"post_tag","embeddable":true,"href":"https:\/\/elinformante.mx\/index.php?rest_route=%2Fwp%2Fv2%2Ftags&post=78903"}],"curies":[{"name":"wp","href":"https:\/\/api.w.org\/{rel}","templated":true}]}}