{"id":78910,"date":"2025-03-21T06:52:13","date_gmt":"2025-03-21T12:52:13","guid":{"rendered":"https:\/\/elinformante.mx\/?p=78910"},"modified":"2025-03-21T06:52:25","modified_gmt":"2025-03-21T12:52:25","slug":"comparte-cieps-mexiquense-experiencias-en-programas-sociales-con-cuba","status":"publish","type":"post","link":"https:\/\/elinformante.mx\/?p=78910","title":{"rendered":"Comparte CIEPS mexiquense experiencias en programas sociales con Cuba"},"content":{"rendered":"\n<figure class=\"wp-block-pullquote\"><blockquote><p>-El objetivo es apoyar en el fortalecimiento de sus capacidades t\u00e9cnicas para la operaci\u00f3n de sus propios proyectos sociales.<\/p><\/blockquote><\/figure>\n\n\n\n<p class=\"has-drop-cap\">Servidores p\u00fablicos del Gobierno del Estado de M\u00e9xico compartieron su experiencia en el dise\u00f1o, uso e implementaci\u00f3n de normas para ejecutar programas sociales con funcionarios del Ministerio de Finanzas y Precios de Cuba, con el objetivo apoyar el fortalecimiento de sus capacidades t\u00e9cnicas para la operaci\u00f3n de sus propios proyectos sociales.<br><\/p>\n\n\n\n<p>Al participar con representantes del Programa de las Naciones Unidas para el Desarrollo (PNUD) en el proyecto Misi\u00f3n de funcionarios cubanos a M\u00e9xico, Personal del Consejo de Investigaci\u00f3n y Evaluaci\u00f3n de la Pol\u00edtica Social (CIEPS), explic\u00f3 qu\u00e9 son las Reglas de Operaci\u00f3n, c\u00f3mo se conforman y cu\u00e1l ha sido la estrategia del Gobierno del Estado de M\u00e9xico al implementarlas en todos sus programas de bienestar.<br><\/p>\n\n\n\n<p>Esta actividad, que form\u00f3 parte del encuentro \u201cHerramientas para la Presupuestaci\u00f3n por Programas en Cuba\u201d, Karla Ortega S\u00e1nchez, Secretaria Ejecutiva del CIEPS, organismo auxiliar de la Secretar\u00eda de Bienestar, expuso el contexto y la normatividad que dio sustento a la creaci\u00f3n de las Reglas de Operaci\u00f3n de los programas de bienestar implementados por la Gobernadora Delfina G\u00f3mez \u00c1lvarez, mismas que favorecen el ejercicio de buenas pr\u00e1cticas por su transparencia y que blindan la pol\u00edtica social.<br><\/p>\n\n\n\n<p>Daniel Vargas, representante residente adjunto del PNUD en M\u00e9xico, mencion\u00f3 que este tipo de intercambios de experiencias resulta importante para mejorar las finanzas p\u00fablicas y promover la rendici\u00f3n de cuentas, con la finalidad de que las personas tengan herramientas para exigir sus derechos.<br><\/p>\n\n\n\n<p>Finalmente, Maritza Cruz Garc\u00eda, Viceministra primera del Ministerio de Finanzas y Precios de Cuba, agradeci\u00f3 el asesoramiento t\u00e9cnico, y se\u00f1al\u00f3 que es imprescindible para la ejecuci\u00f3n y planificaci\u00f3n del presupuesto de su pa\u00eds, adem\u00e1s de ser una aportaci\u00f3n esencial para la conformaci\u00f3n del Manual para el dise\u00f1o de pol\u00edticas p\u00fablicas que tienen en proceso.<\/p>\n","protected":false},"excerpt":{"rendered":"<p>-El objetivo es apoyar en el fortalecimiento de sus capacidades t\u00e9cnicas para la operaci\u00f3n de sus propios proyectos sociales. Servidores p\u00fablicos del Gobierno del Estado de M\u00e9xico compartieron su experiencia en el dise\u00f1o, uso e implementaci\u00f3n de normas para ejecutar programas sociales con funcionarios del Ministerio de Finanzas y Precios de Cuba, con el objetivo [&hellip;]<\/p>\n","protected":false},"author":1,"featured_media":78911,"comment_status":"closed","ping_status":"closed","sticky":false,"template":"","format":"standard","meta":{"footnotes":""},"categories":[36],"tags":[],"class_list":["post-78910","post","type-post","status-publish","format-standard","has-post-thumbnail","hentry","category-edomex"],"_links":{"self":[{"href":"https:\/\/elinformante.mx\/index.php?rest_route=\/wp\/v2\/posts\/78910","targetHints":{"allow":["GET"]}}],"collection":[{"href":"https:\/\/elinformante.mx\/index.php?rest_route=\/wp\/v2\/posts"}],"about":[{"href":"https:\/\/elinformante.mx\/index.php?rest_route=\/wp\/v2\/types\/post"}],"author":[{"embeddable":true,"href":"https:\/\/elinformante.mx\/index.php?rest_route=\/wp\/v2\/users\/1"}],"replies":[{"embeddable":true,"href":"https:\/\/elinformante.mx\/index.php?rest_route=%2Fwp%2Fv2%2Fcomments&post=78910"}],"version-history":[{"count":0,"href":"https:\/\/elinformante.mx\/index.php?rest_route=\/wp\/v2\/posts\/78910\/revisions"}],"wp:featuredmedia":[{"embeddable":true,"href":"https:\/\/elinformante.mx\/index.php?rest_route=\/wp\/v2\/media\/78911"}],"wp:attachment":[{"href":"https:\/\/elinformante.mx\/index.php?rest_route=%2Fwp%2Fv2%2Fmedia&parent=78910"}],"wp:term":[{"taxonomy":"category","embeddable":true,"href":"https:\/\/elinformante.mx\/index.php?rest_route=%2Fwp%2Fv2%2Fcategories&post=78910"},{"taxonomy":"post_tag","embeddable":true,"href":"https:\/\/elinformante.mx\/index.php?rest_route=%2Fwp%2Fv2%2Ftags&post=78910"}],"curies":[{"name":"wp","href":"https:\/\/api.w.org\/{rel}","templated":true}]}}