{"id":78913,"date":"2025-03-21T06:53:31","date_gmt":"2025-03-21T12:53:31","guid":{"rendered":"https:\/\/elinformante.mx\/?p=78913"},"modified":"2025-03-21T06:53:35","modified_gmt":"2025-03-21T12:53:35","slug":"semov-creara-proyectos-de-energia-limpia-para-renovar-el-transporte-publico-en-edomex","status":"publish","type":"post","link":"https:\/\/elinformante.mx\/?p=78913","title":{"rendered":"Semov crear\u00e1 proyectos de energ\u00eda limpia para renovar el transporte p\u00fablico en Edom\u00e9x"},"content":{"rendered":"\n<figure class=\"wp-block-pullquote\"><blockquote><p>Se firm\u00f3 un convenio de colaboraci\u00f3n con la Asociaci\u00f3n Civil Sostenibilidad Global para desarrollar propuestas de movilidad, intercambiando experiencia y brindando soluciones de abastecimiento y almacenamiento de electricidad.<\/p><\/blockquote><\/figure>\n\n\n\n<p class=\"has-drop-cap\">Con el prop\u00f3sito de impulsar proyectos de inversi\u00f3n privada para la renovaci\u00f3n del transporte p\u00fablico y de desarrollar propuestas de movilidad con energ\u00edas limpias y sostenibles, la Secretar\u00eda de Movilidad del Estado de M\u00e9xico (Semov) firm\u00f3 un convenio de colaboraci\u00f3n con la Asociaci\u00f3n Civil Sostenibilidad Global.<br><\/p>\n\n\n\n<p>Con este acuerdo, que tendr\u00e1 vigencia de un a\u00f1o, tambi\u00e9n busca intercambiar experiencia y dar soluciones de abastecimiento y almacenamiento de electricidad para las nuevas unidades.<br><\/p>\n\n\n\n<p>Daniel Sibaja Gonz\u00e1lez, Secretario de Movilidad, se\u00f1al\u00f3 que con esta acci\u00f3n se fortalece la transformaci\u00f3n de la movilidad en el Estado de M\u00e9xico y se establecen programas y proyectos s\u00f3lidos que contribuir\u00e1n con la modernizaci\u00f3n del transporte p\u00fablico, los cuales que deber\u00e1n incluir tecnolog\u00edas amigables con el medio ambiente.<br><\/p>\n\n\n\n<p>Mencion\u00f3 que los programas de \u201cchatarrizaci\u00f3n\u201d que implementar\u00e1 el Gobierno de la Maestra Delfina G\u00f3mez \u00c1lvarez en el oriente de la entidad, abrir\u00e1n la posibilidad de sustituir el actual parque vehicular por unidades modernas, c\u00f3modas y de baja emisi\u00f3n de contaminantes.<br><\/p>\n\n\n\n<p>Al respecto, se realizar\u00e1n estudios para determinar las cualidades y condiciones que deben de incluir los nuevos veh\u00edculos que se podr\u00edan implementar de acuerdo a la orograf\u00eda del Estado de M\u00e9xico.<br><\/p>\n\n\n\n<p>Isabel Studer, Presidenta de Sostenibilidad Global, explic\u00f3 con que el objetivo es fomentar la electrificaci\u00f3n del transporte de pasajeros y mercanc\u00edas, p\u00fablico y privado, as\u00ed como las distintas formas de movilidad no motorizada, para aminorar el impacto negativo de la movilidad urbana.<br><\/p>\n\n\n\n<p>Destac\u00f3 que se crearon tres grupos de trabajo: el primero, orientado a la renovaci\u00f3n vehicular y la regularizaci\u00f3n de operadores; el segundo, enfocado en la instalaci\u00f3n de infraestructura de recarga para los veh\u00edculos el\u00e9ctricos, y el tercero, dedicado a soluciones no motorizadas y planeaci\u00f3n urbana.<br><\/p>\n\n\n\n<p>Finalmente, reconoci\u00f3 el esfuerzo del Estado de M\u00e9xico por los proyectos de movilidad ecol\u00f3gicos como el Mexicable, el troleb\u00fas elevado Chalco-Santa Martha, as\u00ed como la tarjeta Movimex, que permitir\u00e1 la integraci\u00f3n tarifaria entre diferentes sistemas de transporte (Metro, Metrob\u00fas, Cableb\u00fas, Mexib\u00fas y Mexicable) facilitando as\u00ed el transporte a millones de personas.<\/p>\n","protected":false},"excerpt":{"rendered":"<p>Se firm\u00f3 un convenio de colaboraci\u00f3n con la Asociaci\u00f3n Civil Sostenibilidad Global para desarrollar propuestas de movilidad, intercambiando experiencia y brindando soluciones de abastecimiento y almacenamiento de electricidad. Con el prop\u00f3sito de impulsar proyectos de inversi\u00f3n privada para la renovaci\u00f3n del transporte p\u00fablico y de desarrollar propuestas de movilidad con energ\u00edas limpias y sostenibles, la [&hellip;]<\/p>\n","protected":false},"author":1,"featured_media":78914,"comment_status":"closed","ping_status":"closed","sticky":false,"template":"","format":"standard","meta":{"footnotes":""},"categories":[30,36],"tags":[],"class_list":["post-78913","post","type-post","status-publish","format-standard","has-post-thumbnail","hentry","category-destacado","category-edomex"],"_links":{"self":[{"href":"https:\/\/elinformante.mx\/index.php?rest_route=\/wp\/v2\/posts\/78913","targetHints":{"allow":["GET"]}}],"collection":[{"href":"https:\/\/elinformante.mx\/index.php?rest_route=\/wp\/v2\/posts"}],"about":[{"href":"https:\/\/elinformante.mx\/index.php?rest_route=\/wp\/v2\/types\/post"}],"author":[{"embeddable":true,"href":"https:\/\/elinformante.mx\/index.php?rest_route=\/wp\/v2\/users\/1"}],"replies":[{"embeddable":true,"href":"https:\/\/elinformante.mx\/index.php?rest_route=%2Fwp%2Fv2%2Fcomments&post=78913"}],"version-history":[{"count":0,"href":"https:\/\/elinformante.mx\/index.php?rest_route=\/wp\/v2\/posts\/78913\/revisions"}],"wp:featuredmedia":[{"embeddable":true,"href":"https:\/\/elinformante.mx\/index.php?rest_route=\/wp\/v2\/media\/78914"}],"wp:attachment":[{"href":"https:\/\/elinformante.mx\/index.php?rest_route=%2Fwp%2Fv2%2Fmedia&parent=78913"}],"wp:term":[{"taxonomy":"category","embeddable":true,"href":"https:\/\/elinformante.mx\/index.php?rest_route=%2Fwp%2Fv2%2Fcategories&post=78913"},{"taxonomy":"post_tag","embeddable":true,"href":"https:\/\/elinformante.mx\/index.php?rest_route=%2Fwp%2Fv2%2Ftags&post=78913"}],"curies":[{"name":"wp","href":"https:\/\/api.w.org\/{rel}","templated":true}]}}