{"id":78916,"date":"2025-03-21T07:02:10","date_gmt":"2025-03-21T13:02:10","guid":{"rendered":"https:\/\/elinformante.mx\/?p=78916"},"modified":"2025-03-21T07:02:13","modified_gmt":"2025-03-21T13:02:13","slug":"urge-horacio-duarte-intervencion-en-ocuilan-tras-asesinato-de-regidor","status":"publish","type":"post","link":"https:\/\/elinformante.mx\/?p=78916","title":{"rendered":"Urge Horacio Duarte intervenci\u00f3n en Ocuilan tras asesinato de regidor"},"content":{"rendered":"\n<figure class=\"wp-block-pullquote\"><blockquote><p>Anunci\u00f3 que la administraci\u00f3n estatal intervendr\u00e1 de manera inmediata en ese municipio para atender la violencia.<\/p><\/blockquote><\/figure>\n\n\n\n<p class=\"has-drop-cap\">El secretario General de Gobierno del Estado de M\u00e9xico, Horacio Duarte Olivares, se\u00f1al\u00f3 que es necesaria una intervenci\u00f3n inmediata en el municipio de Ocuilan, luego de que fuera registrado el asesinato del primer regidor, Alejo Cedillo Cedillo.<br><\/p>\n\n\n\n<p>Tras el asesinato del primer regidor de Ocuilan, Alejo Cedillo, el secretario anunci\u00f3 que la administraci\u00f3n estatal intervendr\u00e1 de manera inmediata en ese municipio para atender la violencia.<br><\/p>\n\n\n\n<p>Asimismo, Duarte Olivares lament\u00f3 el hecho y advirti\u00f3 que no es un caso aislado, sino parte de un clima de ingobernabilidad que afecta a la demarcaci\u00f3n y que involucra a actores pol\u00edticos.<br><\/p>\n\n\n\n<p>Se\u00f1al\u00f3 que estos actos de violencia son condenados, adem\u00e1s de que ya est\u00e1n siendo investigado por la Fiscal\u00eda General de Justicia del Estado de M\u00e9xico, sin embargo, en Ocuilan hay elementos claros de desestabilizaci\u00f3n, y no es la primera vez que se registran ataques contra pol\u00edticos<br><\/p>\n\n\n\n<p>Adelant\u00f3 que este tema fue discutido en la Mesa de Seguridad estatal, donde se acord\u00f3 una intervenci\u00f3n urgente para frenar la violencia en la regi\u00f3n y que ser\u00e1 en la sesi\u00f3n de hoy viernes cuando se definan las acciones concretas para reforzar la seguridad en Ocuilan.<br><\/p>\n\n\n\n<p>El asesinato de Cedillo Cedillo se suma al de Rodrigo V\u00e1zquez Campusano, delegado de Movimiento Ciudadano en la zona, quien fue asesinado a tiros cerca del ayuntamiento en diciembre de 2024.<br><\/p>\n\n\n\n<p>Adem\u00e1s Duarte Olivares, se pronunci\u00f3 tambi\u00e9n sobre el asesinato se dos personas frente a un hotel en Tlalnepantla.<br><\/p>\n\n\n\n<p>El funcionario se\u00f1al\u00f3 que la Fiscal\u00eda estatal investiga si este caso est\u00e1 relacionado con disputas entre grupos que buscan controlar el servicio de gr\u00faas en el municipio.<br><\/p>\n\n\n\n<p>\u201cLe hemos pedido a la Fiscal\u00eda que sea muy precisa en el esclarecimiento de los m\u00f3viles, porque en Tlalnepantla y otros municipios del Valle de M\u00e9xico existen conflictos entre organizaciones que buscan manejar servicios p\u00fablicos municipales\u201d, explic\u00f3.<\/p>\n","protected":false},"excerpt":{"rendered":"<p>Anunci\u00f3 que la administraci\u00f3n estatal intervendr\u00e1 de manera inmediata en ese municipio para atender la violencia. El secretario General de Gobierno del Estado de M\u00e9xico, Horacio Duarte Olivares, se\u00f1al\u00f3 que es necesaria una intervenci\u00f3n inmediata en el municipio de Ocuilan, luego de que fuera registrado el asesinato del primer regidor, Alejo Cedillo Cedillo. Tras el [&hellip;]<\/p>\n","protected":false},"author":1,"featured_media":78917,"comment_status":"closed","ping_status":"closed","sticky":false,"template":"","format":"standard","meta":{"footnotes":""},"categories":[30,36,31],"tags":[],"class_list":["post-78916","post","type-post","status-publish","format-standard","has-post-thumbnail","hentry","category-destacado","category-edomex","category-portada"],"_links":{"self":[{"href":"https:\/\/elinformante.mx\/index.php?rest_route=\/wp\/v2\/posts\/78916","targetHints":{"allow":["GET"]}}],"collection":[{"href":"https:\/\/elinformante.mx\/index.php?rest_route=\/wp\/v2\/posts"}],"about":[{"href":"https:\/\/elinformante.mx\/index.php?rest_route=\/wp\/v2\/types\/post"}],"author":[{"embeddable":true,"href":"https:\/\/elinformante.mx\/index.php?rest_route=\/wp\/v2\/users\/1"}],"replies":[{"embeddable":true,"href":"https:\/\/elinformante.mx\/index.php?rest_route=%2Fwp%2Fv2%2Fcomments&post=78916"}],"version-history":[{"count":0,"href":"https:\/\/elinformante.mx\/index.php?rest_route=\/wp\/v2\/posts\/78916\/revisions"}],"wp:featuredmedia":[{"embeddable":true,"href":"https:\/\/elinformante.mx\/index.php?rest_route=\/wp\/v2\/media\/78917"}],"wp:attachment":[{"href":"https:\/\/elinformante.mx\/index.php?rest_route=%2Fwp%2Fv2%2Fmedia&parent=78916"}],"wp:term":[{"taxonomy":"category","embeddable":true,"href":"https:\/\/elinformante.mx\/index.php?rest_route=%2Fwp%2Fv2%2Fcategories&post=78916"},{"taxonomy":"post_tag","embeddable":true,"href":"https:\/\/elinformante.mx\/index.php?rest_route=%2Fwp%2Fv2%2Ftags&post=78916"}],"curies":[{"name":"wp","href":"https:\/\/api.w.org\/{rel}","templated":true}]}}