{"id":78925,"date":"2025-03-21T07:12:17","date_gmt":"2025-03-21T13:12:17","guid":{"rendered":"https:\/\/elinformante.mx\/?p=78925"},"modified":"2025-03-21T07:12:19","modified_gmt":"2025-03-21T13:12:19","slug":"inician-capacitaciones-masivas-en-temas-de-proteccion-civil-para-mercados-publicos-de-cdmx","status":"publish","type":"post","link":"https:\/\/elinformante.mx\/?p=78925","title":{"rendered":"Inician capacitaciones masivas en temas de Protecci\u00f3n Civil para mercados p\u00fablicos de CDMX"},"content":{"rendered":"\n<figure class=\"wp-block-pullquote\"><blockquote><p>Se realizar\u00e1n 16 capacitaciones presenciales por alcald\u00eda, iniciando con Iztacalco y Tlalpan, con el objetivo de mitigar situaciones de riesgo, as\u00ed como un protocolo de actuaci\u00f3n en caso de emergencias<\/p><\/blockquote><\/figure>\n\n\n\n<p class=\"has-drop-cap\">La Secretar\u00eda de Desarrollo Econ\u00f3mico (SEDECO), informa que, a trav\u00e9s de la Subdirecci\u00f3n de Capacitaci\u00f3n y Promoci\u00f3n, en coordinaci\u00f3n con la Direcci\u00f3n General de Vinculaci\u00f3n y Capacitaci\u00f3n de la Secretar\u00eda de Gesti\u00f3n Integral de Riesgos y Protecci\u00f3n Civil (SEGIRPC), dio inicio al Plan de Capacitaci\u00f3n en Protecci\u00f3n Civil para Mercados P\u00fablicos, con el objetivo de fortalecer la seguridad y garantizar la prevenci\u00f3n de riesgos en los centros de abasto de la Ciudad de M\u00e9xico.<br><\/p>\n\n\n\n<p>Esta estrategia contempla 16 capacitaciones presenciales, una por cada alcald\u00eda, dirigidas a locatarias, locatarios y personal de los 340 Mercados P\u00fablicos de la capital, quienes recibir\u00e1n herramientas clave para actuar de manera oportuna ante situaciones de riesgo y emergencias.<br><\/p>\n\n\n\n<p>Las sesiones tendr\u00e1n una duraci\u00f3n aproximada de tres horas y abordar\u00e1n temas esenciales como la seguridad en instalaciones el\u00e9ctricas, la correcta manipulaci\u00f3n y mantenimiento de instalaciones de gas, as\u00ed como el uso adecuado de equipos contra incendios. Al finalizar la capacitaci\u00f3n, cada participante recibir\u00e1 una constancia oficial respaldada por la SEGIRPC.<br><\/p>\n\n\n\n<p>Las primeras capacitaciones se realizar\u00e1n de la siguiente manera:<br><\/p>\n\n\n\n<p>-Jueves 20 de marzo de 2025, de 17:00 a 20:00 horas, en el Centro Social Josefina D\u00edaz, en la alcald\u00eda Iztacalco.<br><\/p>\n\n\n\n<p>-Mi\u00e9rcoles 26 de marzo de 2025, de 17:00 a 20:00 horas, en el Multiforo Tlalpan, ubicado en Av. San Fernando s\/n, Centro de Tlalpan.<br><\/p>\n\n\n\n<p>Posteriormente, el programa continuar\u00e1 en las alcald\u00edas de Tl\u00e1huac, Xochimilco, Milpa Alta, Cuauht\u00e9moc, Iztapalapa, Magdalena Contreras, Gustavo A. Madero, Benito Ju\u00e1rez, Miguel Hidalgo, Coyoac\u00e1n, \u00c1lvaro Obreg\u00f3n, Venustiano Carranza, Cuajimalpa de Morelos y Azcapotzalco, en fechas calendarizadas de abril a julio de 2025. Las sedes espec\u00edficas de estas demarcaciones ser\u00e1n confirmadas y difundidas oportunamente a trav\u00e9s de las redes sociales de la SEDECO: @SedecoCDMX.<\/p>\n","protected":false},"excerpt":{"rendered":"<p>Se realizar\u00e1n 16 capacitaciones presenciales por alcald\u00eda, iniciando con Iztacalco y Tlalpan, con el objetivo de mitigar situaciones de riesgo, as\u00ed como un protocolo de actuaci\u00f3n en caso de emergencias La Secretar\u00eda de Desarrollo Econ\u00f3mico (SEDECO), informa que, a trav\u00e9s de la Subdirecci\u00f3n de Capacitaci\u00f3n y Promoci\u00f3n, en coordinaci\u00f3n con la Direcci\u00f3n General de Vinculaci\u00f3n [&hellip;]<\/p>\n","protected":false},"author":1,"featured_media":78926,"comment_status":"closed","ping_status":"closed","sticky":false,"template":"","format":"standard","meta":{"footnotes":""},"categories":[35],"tags":[],"class_list":["post-78925","post","type-post","status-publish","format-standard","has-post-thumbnail","hentry","category-cdmx"],"_links":{"self":[{"href":"https:\/\/elinformante.mx\/index.php?rest_route=\/wp\/v2\/posts\/78925","targetHints":{"allow":["GET"]}}],"collection":[{"href":"https:\/\/elinformante.mx\/index.php?rest_route=\/wp\/v2\/posts"}],"about":[{"href":"https:\/\/elinformante.mx\/index.php?rest_route=\/wp\/v2\/types\/post"}],"author":[{"embeddable":true,"href":"https:\/\/elinformante.mx\/index.php?rest_route=\/wp\/v2\/users\/1"}],"replies":[{"embeddable":true,"href":"https:\/\/elinformante.mx\/index.php?rest_route=%2Fwp%2Fv2%2Fcomments&post=78925"}],"version-history":[{"count":0,"href":"https:\/\/elinformante.mx\/index.php?rest_route=\/wp\/v2\/posts\/78925\/revisions"}],"wp:featuredmedia":[{"embeddable":true,"href":"https:\/\/elinformante.mx\/index.php?rest_route=\/wp\/v2\/media\/78926"}],"wp:attachment":[{"href":"https:\/\/elinformante.mx\/index.php?rest_route=%2Fwp%2Fv2%2Fmedia&parent=78925"}],"wp:term":[{"taxonomy":"category","embeddable":true,"href":"https:\/\/elinformante.mx\/index.php?rest_route=%2Fwp%2Fv2%2Fcategories&post=78925"},{"taxonomy":"post_tag","embeddable":true,"href":"https:\/\/elinformante.mx\/index.php?rest_route=%2Fwp%2Fv2%2Ftags&post=78925"}],"curies":[{"name":"wp","href":"https:\/\/api.w.org\/{rel}","templated":true}]}}