{"id":78928,"date":"2025-03-21T07:14:01","date_gmt":"2025-03-21T13:14:01","guid":{"rendered":"https:\/\/elinformante.mx\/?p=78928"},"modified":"2025-03-21T07:14:03","modified_gmt":"2025-03-21T13:14:03","slug":"colocaran-lavanderias-publicas-gratuitas-como-parte-del-programa-ingreso-ciudadano-universal-en-cdmx","status":"publish","type":"post","link":"https:\/\/elinformante.mx\/?p=78928","title":{"rendered":"Colocar\u00e1n lavander\u00edas p\u00fablicas gratuitas como parte del programa Ingreso Ciudadano Universal en CDMX"},"content":{"rendered":"\n<figure class=\"wp-block-pullquote\"><blockquote><p>Se construir\u00e1n alrededor de 200 lavander\u00edas p\u00fablicas, con el objetivo de apoyar a los habitantes de la ciudad.<\/p><\/blockquote><\/figure>\n\n\n\n<p class=\"has-drop-cap\">En la Ciudad de M\u00e9xico se est\u00e1 preparando implementar un nuevo servicio de lavander\u00edas p\u00fablicas gratuitas, como parte del Sistema P\u00fablico de Cuidados, anunciado por la jefa de Gobierno, Clara Brugada Molina.<br><\/p>\n\n\n\n<p>Con este sistema se busca apoyar a las mujeres aliviando las barreras hist\u00f3ricas que las han mantenido dedicadas principalmente a los cuidados en el hogar.<br><\/p>\n\n\n\n<p>Las lavander\u00edas gratuitas formar\u00e1n parte de una infraestructura m\u00e1s amplia que incluye casas de d\u00eda para adultos mayores, espacios de rehabilitaci\u00f3n para personas con discapacidad, comedores para recoger comida, y centros de cuidado y desarrollo infantil.<br><\/p>\n\n\n\n<figure class=\"wp-block-image size-large\"><img fetchpriority=\"high\" decoding=\"async\" width=\"1024\" height=\"506\" src=\"https:\/\/elinformante.mx\/wp-content\/uploads\/2025\/03\/6colocaran-1024x506.jpg\" alt=\"\" class=\"wp-image-78930\" srcset=\"https:\/\/elinformante.mx\/wp-content\/uploads\/2025\/03\/6colocaran-1024x506.jpg 1024w, https:\/\/elinformante.mx\/wp-content\/uploads\/2025\/03\/6colocaran-300x148.jpg 300w, https:\/\/elinformante.mx\/wp-content\/uploads\/2025\/03\/6colocaran-768x379.jpg 768w, https:\/\/elinformante.mx\/wp-content\/uploads\/2025\/03\/6colocaran.jpg 1140w\" sizes=\"(max-width: 1024px) 100vw, 1024px\" \/><\/figure>\n\n\n\n<p>El objetivo de estas unidades de servicio es reducir la carga de trabajo dom\u00e9stico y promover la igualdad de g\u00e9nero.<br><\/p>\n\n\n\n<p>El proyecto contempla la construcci\u00f3n de 200 lavander\u00edas p\u00fablicas y 200 comedores comunitarios, con el objetivo de apoyar a los habitantes de la ciudad.<br><\/p>\n\n\n\n<p>A\u00fan no se ha especificado la fecha exacta de inicio, se ha confirmado que el proyecto comenzar\u00e1 en 2025 y se extender\u00e1 durante los pr\u00f3ximos seis a\u00f1os en las 16 alcald\u00edas de la capital. Sin embargo, a\u00fan no se han revelado los detalles sobre la ubicaci\u00f3n exacta de estas instalaciones.<\/p>\n","protected":false},"excerpt":{"rendered":"<p>Se construir\u00e1n alrededor de 200 lavander\u00edas p\u00fablicas, con el objetivo de apoyar a los habitantes de la ciudad. En la Ciudad de M\u00e9xico se est\u00e1 preparando implementar un nuevo servicio de lavander\u00edas p\u00fablicas gratuitas, como parte del Sistema P\u00fablico de Cuidados, anunciado por la jefa de Gobierno, Clara Brugada Molina. Con este sistema se busca [&hellip;]<\/p>\n","protected":false},"author":1,"featured_media":78929,"comment_status":"closed","ping_status":"closed","sticky":false,"template":"","format":"standard","meta":{"footnotes":""},"categories":[35,30],"tags":[],"class_list":["post-78928","post","type-post","status-publish","format-standard","has-post-thumbnail","hentry","category-cdmx","category-destacado"],"_links":{"self":[{"href":"https:\/\/elinformante.mx\/index.php?rest_route=\/wp\/v2\/posts\/78928","targetHints":{"allow":["GET"]}}],"collection":[{"href":"https:\/\/elinformante.mx\/index.php?rest_route=\/wp\/v2\/posts"}],"about":[{"href":"https:\/\/elinformante.mx\/index.php?rest_route=\/wp\/v2\/types\/post"}],"author":[{"embeddable":true,"href":"https:\/\/elinformante.mx\/index.php?rest_route=\/wp\/v2\/users\/1"}],"replies":[{"embeddable":true,"href":"https:\/\/elinformante.mx\/index.php?rest_route=%2Fwp%2Fv2%2Fcomments&post=78928"}],"version-history":[{"count":0,"href":"https:\/\/elinformante.mx\/index.php?rest_route=\/wp\/v2\/posts\/78928\/revisions"}],"wp:featuredmedia":[{"embeddable":true,"href":"https:\/\/elinformante.mx\/index.php?rest_route=\/wp\/v2\/media\/78929"}],"wp:attachment":[{"href":"https:\/\/elinformante.mx\/index.php?rest_route=%2Fwp%2Fv2%2Fmedia&parent=78928"}],"wp:term":[{"taxonomy":"category","embeddable":true,"href":"https:\/\/elinformante.mx\/index.php?rest_route=%2Fwp%2Fv2%2Fcategories&post=78928"},{"taxonomy":"post_tag","embeddable":true,"href":"https:\/\/elinformante.mx\/index.php?rest_route=%2Fwp%2Fv2%2Ftags&post=78928"}],"curies":[{"name":"wp","href":"https:\/\/api.w.org\/{rel}","templated":true}]}}