{"id":78939,"date":"2025-03-21T07:24:46","date_gmt":"2025-03-21T13:24:46","guid":{"rendered":"https:\/\/elinformante.mx\/?p=78939"},"modified":"2025-03-21T07:24:48","modified_gmt":"2025-03-21T13:24:48","slug":"marina-del-pilar-impulsa-proyecto-en-punta-colonet-con-semar","status":"publish","type":"post","link":"https:\/\/elinformante.mx\/?p=78939","title":{"rendered":"Marina del Pilar impulsa proyecto en Punta Colonet con Semar"},"content":{"rendered":"\n<figure class=\"wp-block-pullquote\"><blockquote><p>La gobernadora agradeci\u00f3 el respaldo de la presidenta Claudia Sheinbaum Pardo, quien ha mostrado su compromiso con el desarrollo econ\u00f3mico de la regi\u00f3n<\/p><\/blockquote><\/figure>\n\n\n\n<p class=\"has-drop-cap\">Marina del Pilar Avila Olmeda, gobernadora de Baja California, recibi\u00f3 al Almirante Secretario de Marina, Raymundo Pedro Morales \u00c1ngeles, con quien realiz\u00f3 una visita estrat\u00e9gica al Puerto de Punta Colonet, uno de los proyectos m\u00e1s importantes para el desarrollo econ\u00f3mico y log\u00edstico del estado.<br><\/p>\n\n\n\n<p>La mandataria destac\u00f3 que el impulso a Punta Colonet representa una gran oportunidad para generar empleos, fortalecer el comercio internacional y posicionar a Baja California como un punto clave en la conectividad mar\u00edtima del Pac\u00edfico.<br><\/p>\n\n\n\n<figure class=\"wp-block-image size-large\"><img fetchpriority=\"high\" decoding=\"async\" width=\"1024\" height=\"506\" src=\"https:\/\/elinformante.mx\/wp-content\/uploads\/2025\/03\/4baja-1-1024x506.jpg\" alt=\"\" class=\"wp-image-78941\" srcset=\"https:\/\/elinformante.mx\/wp-content\/uploads\/2025\/03\/4baja-1-1024x506.jpg 1024w, https:\/\/elinformante.mx\/wp-content\/uploads\/2025\/03\/4baja-1-300x148.jpg 300w, https:\/\/elinformante.mx\/wp-content\/uploads\/2025\/03\/4baja-1-768x379.jpg 768w, https:\/\/elinformante.mx\/wp-content\/uploads\/2025\/03\/4baja-1.jpg 1140w\" sizes=\"(max-width: 1024px) 100vw, 1024px\" \/><\/figure>\n\n\n\n<p>Subray\u00f3 que este esfuerzo es posible gracias a la estrecha colaboraci\u00f3n entre los gobiernos estatal y federal, la gobernadora agradeci\u00f3 el respaldo de la presidenta Claudia Sheinbaum Pardo, quien ha mostrado su compromiso con el desarrollo econ\u00f3mico de la regi\u00f3n, as\u00ed como el apoyo del Almirante Secretario de Marina y de todas las fuerzas federales, que trabajan en coordinaci\u00f3n con Baja California para hacer de este proyecto una realidad.<br><\/p>\n\n\n\n<p>Puerto de Punta Colonet es una pieza clave en la estrategia de infraestructura y crecimiento sostenible que impulsa el Gobierno de Baja California. Con su desarrollo, se busca fortalecer las cadenas de suministro, atraer nuevas inversiones y potenciar la competitividad de la entidad en el comercio global.<br><\/p>\n\n\n\n<p>La gobernadora reafirm\u00f3 su compromiso de seguir trabajando de la mano con la Federaci\u00f3n para concretar este proyecto de gran impacto para la econom\u00eda del estado y el bienestar de las familias bajacalifornianas, expres\u00f3.<\/p>\n\n\n\n<p><\/p>\n","protected":false},"excerpt":{"rendered":"<p>La gobernadora agradeci\u00f3 el respaldo de la presidenta Claudia Sheinbaum Pardo, quien ha mostrado su compromiso con el desarrollo econ\u00f3mico de la regi\u00f3n Marina del Pilar Avila Olmeda, gobernadora de Baja California, recibi\u00f3 al Almirante Secretario de Marina, Raymundo Pedro Morales \u00c1ngeles, con quien realiz\u00f3 una visita estrat\u00e9gica al Puerto de Punta Colonet, uno de [&hellip;]<\/p>\n","protected":false},"author":1,"featured_media":78940,"comment_status":"closed","ping_status":"closed","sticky":false,"template":"","format":"standard","meta":{"footnotes":""},"categories":[34],"tags":[],"class_list":["post-78939","post","type-post","status-publish","format-standard","has-post-thumbnail","hentry","category-nacional"],"_links":{"self":[{"href":"https:\/\/elinformante.mx\/index.php?rest_route=\/wp\/v2\/posts\/78939","targetHints":{"allow":["GET"]}}],"collection":[{"href":"https:\/\/elinformante.mx\/index.php?rest_route=\/wp\/v2\/posts"}],"about":[{"href":"https:\/\/elinformante.mx\/index.php?rest_route=\/wp\/v2\/types\/post"}],"author":[{"embeddable":true,"href":"https:\/\/elinformante.mx\/index.php?rest_route=\/wp\/v2\/users\/1"}],"replies":[{"embeddable":true,"href":"https:\/\/elinformante.mx\/index.php?rest_route=%2Fwp%2Fv2%2Fcomments&post=78939"}],"version-history":[{"count":0,"href":"https:\/\/elinformante.mx\/index.php?rest_route=\/wp\/v2\/posts\/78939\/revisions"}],"wp:featuredmedia":[{"embeddable":true,"href":"https:\/\/elinformante.mx\/index.php?rest_route=\/wp\/v2\/media\/78940"}],"wp:attachment":[{"href":"https:\/\/elinformante.mx\/index.php?rest_route=%2Fwp%2Fv2%2Fmedia&parent=78939"}],"wp:term":[{"taxonomy":"category","embeddable":true,"href":"https:\/\/elinformante.mx\/index.php?rest_route=%2Fwp%2Fv2%2Fcategories&post=78939"},{"taxonomy":"post_tag","embeddable":true,"href":"https:\/\/elinformante.mx\/index.php?rest_route=%2Fwp%2Fv2%2Ftags&post=78939"}],"curies":[{"name":"wp","href":"https:\/\/api.w.org\/{rel}","templated":true}]}}