{"id":78943,"date":"2025-03-21T07:27:31","date_gmt":"2025-03-21T13:27:31","guid":{"rendered":"https:\/\/elinformante.mx\/?p=78943"},"modified":"2025-03-21T07:27:33","modified_gmt":"2025-03-21T13:27:33","slug":"fernandez-norona-participa-en-la-conferencia-europea-de-presidentes-de-parlamentos","status":"publish","type":"post","link":"https:\/\/elinformante.mx\/?p=78943","title":{"rendered":"Fern\u00e1ndez Noro\u00f1a participa en la Conferencia Europea de Presidentes de Parlamentos"},"content":{"rendered":"\n<figure class=\"wp-block-pullquote\"><blockquote><p>El senador hizo un llamado a apostar por la multipolaridad y fortalecer las relaciones con la Uni\u00f3n Europea<\/p><\/blockquote><\/figure>\n\n\n\n<p class=\"has-drop-cap\">En la Conferencia Europea de Presidentes de Parlamentos, el presidente del Senado de la Rep\u00fablica, Gerardo Fern\u00e1ndez Noro\u00f1a, destac\u00f3 la lucha de M\u00e9xico por su independencia y soberan\u00eda, e hizo un llamado para apostar por la multipolaridad en las relaciones entre naciones.<br><\/p>\n\n\n\n<p>Subray\u00f3 que nuestro pa\u00eds mantiene la comunicaci\u00f3n, el di\u00e1logo y la coordinaci\u00f3n con el gobierno de Estados Unidos, pero, en ninguna circunstancia, M\u00e9xico establece relaciones de subordinaci\u00f3n con ning\u00fan pa\u00eds, por poderoso que sea.<br><\/p>\n\n\n\n<p>Particip\u00f3 en el debate \u201cSalvaguardar la democracia\u201d de la Conferencia Europea de Presidentes de Parlamentos, que se lleva a cabo en Estrasburgo, Francia. Ah\u00ed, destac\u00f3 que, por primera vez en 200 a\u00f1os de rep\u00fablica federal, una mujer, Claudia Sheinbaum Pardo, gan\u00f3 la presidencia en M\u00e9xico, con casi el 60 por ciento de los votos.<br><\/p>\n\n\n\n<p>Adem\u00e1s subray\u00f3 que est\u00e9 pr\u00f3ximo 1 de junio, por primera vez en la historia de los pueblos del mundo se elegir\u00e1 por el voto universal, secreto y directo a las personas que integran el Poder Judicial de la Federaci\u00f3n.<br><\/p>\n\n\n\n<p>Tambi\u00e9n manifest\u00f3 su preocupaci\u00f3n de que en pleno Siglo XXI persista el racismo, que continu\u00e9 la creencia de que alguien es superior por su color de piel, lo que es m\u00e1s grave cuando estas ideas se transforman en pol\u00edticas p\u00fablicas como en el tema de la migraci\u00f3n, pues se imponen criterios racistas y clasistas que no solo atentan contra los derechos humanos fundamentales, sino que ponen en riesgo la colaboraci\u00f3n entre diversos pa\u00edses.<br><\/p>\n\n\n\n<p>Hizo un llamado para que, as\u00ed como se condena la intervenci\u00f3n militar de Rusia en Ucrania, as\u00ed con la misma fuerza se tiene que condenar la intervenci\u00f3n del Estado de Israel en Palestina, la intervenci\u00f3n de Estados Unidos y de la Uni\u00f3n Europea en Afganist\u00e1n o en Irak.<br><\/p>\n\n\n\n<p>Convoc\u00f3 a encontrar la manera de que los diferentes pueblos y pa\u00edses se comuniquen con respeto, para lograr que el centro de nuestro desarrollo econ\u00f3mico sea el ser humano, para construir, como dec\u00eda Rosa Luxemburgo: por una sociedad donde seamos socialmente iguales, humanamente diferentes y completamente libres.<\/p>\n","protected":false},"excerpt":{"rendered":"<p>El senador hizo un llamado a apostar por la multipolaridad y fortalecer las relaciones con la Uni\u00f3n Europea En la Conferencia Europea de Presidentes de Parlamentos, el presidente del Senado de la Rep\u00fablica, Gerardo Fern\u00e1ndez Noro\u00f1a, destac\u00f3 la lucha de M\u00e9xico por su independencia y soberan\u00eda, e hizo un llamado para apostar por la multipolaridad [&hellip;]<\/p>\n","protected":false},"author":1,"featured_media":78944,"comment_status":"closed","ping_status":"closed","sticky":false,"template":"","format":"standard","meta":{"footnotes":""},"categories":[34],"tags":[],"class_list":["post-78943","post","type-post","status-publish","format-standard","has-post-thumbnail","hentry","category-nacional"],"_links":{"self":[{"href":"https:\/\/elinformante.mx\/index.php?rest_route=\/wp\/v2\/posts\/78943","targetHints":{"allow":["GET"]}}],"collection":[{"href":"https:\/\/elinformante.mx\/index.php?rest_route=\/wp\/v2\/posts"}],"about":[{"href":"https:\/\/elinformante.mx\/index.php?rest_route=\/wp\/v2\/types\/post"}],"author":[{"embeddable":true,"href":"https:\/\/elinformante.mx\/index.php?rest_route=\/wp\/v2\/users\/1"}],"replies":[{"embeddable":true,"href":"https:\/\/elinformante.mx\/index.php?rest_route=%2Fwp%2Fv2%2Fcomments&post=78943"}],"version-history":[{"count":0,"href":"https:\/\/elinformante.mx\/index.php?rest_route=\/wp\/v2\/posts\/78943\/revisions"}],"wp:featuredmedia":[{"embeddable":true,"href":"https:\/\/elinformante.mx\/index.php?rest_route=\/wp\/v2\/media\/78944"}],"wp:attachment":[{"href":"https:\/\/elinformante.mx\/index.php?rest_route=%2Fwp%2Fv2%2Fmedia&parent=78943"}],"wp:term":[{"taxonomy":"category","embeddable":true,"href":"https:\/\/elinformante.mx\/index.php?rest_route=%2Fwp%2Fv2%2Fcategories&post=78943"},{"taxonomy":"post_tag","embeddable":true,"href":"https:\/\/elinformante.mx\/index.php?rest_route=%2Fwp%2Fv2%2Ftags&post=78943"}],"curies":[{"name":"wp","href":"https:\/\/api.w.org\/{rel}","templated":true}]}}