{"id":78949,"date":"2025-03-21T07:31:20","date_gmt":"2025-03-21T13:31:20","guid":{"rendered":"https:\/\/elinformante.mx\/?p=78949"},"modified":"2025-03-21T07:31:23","modified_gmt":"2025-03-21T13:31:23","slug":"busca-veracruz-destacar-como-destino-de-promocion-turistica","status":"publish","type":"post","link":"https:\/\/elinformante.mx\/?p=78949","title":{"rendered":"Busca Veracruz destacar como destino de promoci\u00f3n tur\u00edstica"},"content":{"rendered":"\n<figure class=\"wp-block-pullquote\"><blockquote><p>El estado forma parte de 14 esferas internacionales y de siete roadshows en Estados Unidos y Canad\u00e1.<\/p><\/blockquote><\/figure>\n\n\n\n<p class=\"has-drop-cap\">La titular de la Secretar\u00eda de Turismo Federal (Sectur), Josefina Rodr\u00edguez Zamora, durante su visita a Veracruz, se reuni\u00f3 con prestadores de servicios tur\u00edsticos y la gobernadora del estado, Roc\u00edo Nahle Garc\u00eda, donde destac\u00f3 a la entidad como un destino clave en la promoci\u00f3n tur\u00edstica nacional con presencia en mercados internacionales.<br><\/p>\n\n\n\n<p>La secretaria se\u00f1al\u00f3 que Veracruz est\u00e1 sumado a estas 14 esferas internacionales y a siete roadshows en Estados Unidos y Canad\u00e1, destacando el impacto positivo que estas acciones tendr\u00e1n en la atracci\u00f3n de visitantes extranjeros.<br><\/p>\n\n\n\n<p>Destac\u00f3 tambi\u00e9n la participaci\u00f3n del estado en eventos como la Feria Internacional de Turismo (Fitur), donde el inter\u00e9s de turistas chinos, estadounidenses y canadienses fue notable.<br><\/p>\n\n\n\n<figure class=\"wp-block-image size-large\"><img fetchpriority=\"high\" decoding=\"async\" width=\"1024\" height=\"506\" src=\"https:\/\/elinformante.mx\/wp-content\/uploads\/2025\/03\/4veracruz-2-1024x506.jpg\" alt=\"\" class=\"wp-image-78951\" srcset=\"https:\/\/elinformante.mx\/wp-content\/uploads\/2025\/03\/4veracruz-2-1024x506.jpg 1024w, https:\/\/elinformante.mx\/wp-content\/uploads\/2025\/03\/4veracruz-2-300x148.jpg 300w, https:\/\/elinformante.mx\/wp-content\/uploads\/2025\/03\/4veracruz-2-768x379.jpg 768w, https:\/\/elinformante.mx\/wp-content\/uploads\/2025\/03\/4veracruz-2.jpg 1140w\" sizes=\"(max-width: 1024px) 100vw, 1024px\" \/><\/figure>\n\n\n\n<p>En el \u00e1mbito del turismo comunitario, la secretaria resalt\u00f3 la intervenci\u00f3n en 13 municipios de Los Tuxtlas como parte del pol\u00edgono nacional de desarrollo tur\u00edstico sustentable.<br><\/p>\n\n\n\n<p>Explic\u00f3 que se busca concentrar toda la atenci\u00f3n en comunicades, con un ancla tur\u00edstica cercana, que queremos detonar y donde podemos generar prosperidad compartida<br><\/p>\n\n\n\n<p>Rodr\u00edguez Zamora inform\u00f3 que Veracruz seguir\u00e1 figurando en la agenda de promoci\u00f3n nacional e internacional, con su pr\u00f3xima presencia en la muestra tur\u00edstica de San Diego en abril y su participaci\u00f3n en el Tianguis Tur\u00edstico.<\/p>\n","protected":false},"excerpt":{"rendered":"<p>El estado forma parte de 14 esferas internacionales y de siete roadshows en Estados Unidos y Canad\u00e1. La titular de la Secretar\u00eda de Turismo Federal (Sectur), Josefina Rodr\u00edguez Zamora, durante su visita a Veracruz, se reuni\u00f3 con prestadores de servicios tur\u00edsticos y la gobernadora del estado, Roc\u00edo Nahle Garc\u00eda, donde destac\u00f3 a la entidad como [&hellip;]<\/p>\n","protected":false},"author":1,"featured_media":78950,"comment_status":"closed","ping_status":"closed","sticky":false,"template":"","format":"standard","meta":{"footnotes":""},"categories":[30,34],"tags":[],"class_list":["post-78949","post","type-post","status-publish","format-standard","has-post-thumbnail","hentry","category-destacado","category-nacional"],"_links":{"self":[{"href":"https:\/\/elinformante.mx\/index.php?rest_route=\/wp\/v2\/posts\/78949","targetHints":{"allow":["GET"]}}],"collection":[{"href":"https:\/\/elinformante.mx\/index.php?rest_route=\/wp\/v2\/posts"}],"about":[{"href":"https:\/\/elinformante.mx\/index.php?rest_route=\/wp\/v2\/types\/post"}],"author":[{"embeddable":true,"href":"https:\/\/elinformante.mx\/index.php?rest_route=\/wp\/v2\/users\/1"}],"replies":[{"embeddable":true,"href":"https:\/\/elinformante.mx\/index.php?rest_route=%2Fwp%2Fv2%2Fcomments&post=78949"}],"version-history":[{"count":0,"href":"https:\/\/elinformante.mx\/index.php?rest_route=\/wp\/v2\/posts\/78949\/revisions"}],"wp:featuredmedia":[{"embeddable":true,"href":"https:\/\/elinformante.mx\/index.php?rest_route=\/wp\/v2\/media\/78950"}],"wp:attachment":[{"href":"https:\/\/elinformante.mx\/index.php?rest_route=%2Fwp%2Fv2%2Fmedia&parent=78949"}],"wp:term":[{"taxonomy":"category","embeddable":true,"href":"https:\/\/elinformante.mx\/index.php?rest_route=%2Fwp%2Fv2%2Fcategories&post=78949"},{"taxonomy":"post_tag","embeddable":true,"href":"https:\/\/elinformante.mx\/index.php?rest_route=%2Fwp%2Fv2%2Ftags&post=78949"}],"curies":[{"name":"wp","href":"https:\/\/api.w.org\/{rel}","templated":true}]}}