{"id":78970,"date":"2025-03-21T14:59:03","date_gmt":"2025-03-21T20:59:03","guid":{"rendered":"https:\/\/elinformante.mx\/?p=78970"},"modified":"2025-03-21T14:59:05","modified_gmt":"2025-03-21T20:59:05","slug":"volcadura-de-un-trailer-en-la-xalapa-veracruz","status":"publish","type":"post","link":"https:\/\/elinformante.mx\/?p=78970","title":{"rendered":"VOLCADURA DE UN TR\u00c1ILER EN LA XALAPA-VERACRUZ"},"content":{"rendered":"\n<p>Esta ma\u00f1ana, se report\u00f3 el cierre de la carretera Xalapa &#8211; Veracruz, a la altura del kil\u00f3metro 20+800 debido a la volcadura de un tr\u00e1iler que transportaba leche; no se reportan lesionados.<\/p>\n","protected":false},"excerpt":{"rendered":"<p>Esta ma\u00f1ana, se report\u00f3 el cierre de la carretera Xalapa &#8211; Veracruz, a la altura del kil\u00f3metro 20+800 debido a la volcadura de un tr\u00e1iler que transportaba leche; no se reportan lesionados.<\/p>\n","protected":false},"author":2,"featured_media":78971,"comment_status":"closed","ping_status":"closed","sticky":false,"template":"","format":"standard","meta":{"footnotes":""},"categories":[34],"tags":[],"class_list":["post-78970","post","type-post","status-publish","format-standard","has-post-thumbnail","hentry","category-nacional"],"_links":{"self":[{"href":"https:\/\/elinformante.mx\/index.php?rest_route=\/wp\/v2\/posts\/78970","targetHints":{"allow":["GET"]}}],"collection":[{"href":"https:\/\/elinformante.mx\/index.php?rest_route=\/wp\/v2\/posts"}],"about":[{"href":"https:\/\/elinformante.mx\/index.php?rest_route=\/wp\/v2\/types\/post"}],"author":[{"embeddable":true,"href":"https:\/\/elinformante.mx\/index.php?rest_route=\/wp\/v2\/users\/2"}],"replies":[{"embeddable":true,"href":"https:\/\/elinformante.mx\/index.php?rest_route=%2Fwp%2Fv2%2Fcomments&post=78970"}],"version-history":[{"count":0,"href":"https:\/\/elinformante.mx\/index.php?rest_route=\/wp\/v2\/posts\/78970\/revisions"}],"wp:featuredmedia":[{"embeddable":true,"href":"https:\/\/elinformante.mx\/index.php?rest_route=\/wp\/v2\/media\/78971"}],"wp:attachment":[{"href":"https:\/\/elinformante.mx\/index.php?rest_route=%2Fwp%2Fv2%2Fmedia&parent=78970"}],"wp:term":[{"taxonomy":"category","embeddable":true,"href":"https:\/\/elinformante.mx\/index.php?rest_route=%2Fwp%2Fv2%2Fcategories&post=78970"},{"taxonomy":"post_tag","embeddable":true,"href":"https:\/\/elinformante.mx\/index.php?rest_route=%2Fwp%2Fv2%2Ftags&post=78970"}],"curies":[{"name":"wp","href":"https:\/\/api.w.org\/{rel}","templated":true}]}}