{"id":78979,"date":"2025-03-21T15:06:19","date_gmt":"2025-03-21T21:06:19","guid":{"rendered":"https:\/\/elinformante.mx\/?p=78979"},"modified":"2025-03-21T15:06:22","modified_gmt":"2025-03-21T21:06:22","slug":"activan-fase-i-de-contingencia-ambiental-en-el-valle-de-toluca-y-santiago-tianguistenco","status":"publish","type":"post","link":"https:\/\/elinformante.mx\/?p=78979","title":{"rendered":"ACTIVAN FASE I DE CONTINGENCIA AMBIENTAL EN EL VALLE DE TOLUCA Y SANTIAGO TIANGUISTENCO"},"content":{"rendered":"\n<p>La Secretar\u00eda del Medio Ambiente y Desarrollo Sostenible (SMAyDS) del Estado de M\u00e9xico activ\u00f3 la Fase I de Contingencia Ambiental Atmosf\u00e9rica en las Zonas Metropolitanas del Valle de Toluca (ZMVT) y Santiago Tianguistenco (ZMST), debido a las altas concentraciones de part\u00edculas PM10 registradas entre el 20 y la madrugada del 21 de marzo.<\/p>\n\n\n\n<p>A las 9:00 horas de este jueves, las estaciones de Xonacatl\u00e1n y Almoloya de Ju\u00e1rez registraron valores m\u00e1ximos de 158 y 155 microgramos por metro c\u00fabico (\u00b5g\/m3), respectivamente. Estas part\u00edculas provienen principalmente de caminos sin pavimentar, erosi\u00f3n de suelos, preparaci\u00f3n de terrenos y quemas agr\u00edcolas, agravadas por los efectos del Frente Fr\u00edo No. 36.<\/p>\n\n\n\n<p><strong>Recomendaciones para la poblaci\u00f3n:<\/strong><br>\u2714\ufe0f Evitar actividades al aire libre, especialmente para grupos sensibles.<br>\u2714\ufe0f Utilizar cubrebocas al salir a la calle.<br>\u2714\ufe0f Reducir el uso del veh\u00edculo.<br>\u2714\ufe0f En caso de molestias en ojos, garganta o nariz, acudir al m\u00e9dico.<\/p>\n\n\n\n<p><strong>Acciones gubernamentales:<\/strong><br>\u27a1\ufe0f Agilizar el tr\u00e1nsito vehicular y sincronizar sem\u00e1foros en horas pico.<br>\u27a1\ufe0f Suspender la producci\u00f3n de ladrillo y cer\u00e1mica.<br>\u27a1\ufe0f Evitar la quema de residuos y la preparaci\u00f3n de terrenos mediante fuego.<br>\u27a1\ufe0f Suspender obras de construcci\u00f3n y actividades industriales que generen emisiones sin equipos de control.<\/p>\n\n\n\n<p>Se prev\u00e9 que las condiciones atmosf\u00e9ricas mejoren en las pr\u00f3ximas horas, gracias a un incremento en la nubosidad y la probabilidad de lluvias aisladas. La SMAyDS continuar\u00e1 monitoreando la calidad del aire y aplicando las medidas establecidas en el Programa para la Atenci\u00f3n de Contingencias Ambientales Atmosf\u00e9ricas.<\/p>\n","protected":false},"excerpt":{"rendered":"<p>La Secretar\u00eda del Medio Ambiente y Desarrollo Sostenible (SMAyDS) del Estado de M\u00e9xico activ\u00f3 la Fase I de Contingencia Ambiental Atmosf\u00e9rica en las Zonas Metropolitanas del Valle de Toluca (ZMVT) y Santiago Tianguistenco (ZMST), debido a las altas concentraciones de part\u00edculas PM10 registradas entre el 20 y la madrugada del 21 de marzo. A las [&hellip;]<\/p>\n","protected":false},"author":2,"featured_media":78983,"comment_status":"closed","ping_status":"closed","sticky":false,"template":"","format":"standard","meta":{"footnotes":""},"categories":[36],"tags":[],"class_list":["post-78979","post","type-post","status-publish","format-standard","has-post-thumbnail","hentry","category-edomex"],"_links":{"self":[{"href":"https:\/\/elinformante.mx\/index.php?rest_route=\/wp\/v2\/posts\/78979","targetHints":{"allow":["GET"]}}],"collection":[{"href":"https:\/\/elinformante.mx\/index.php?rest_route=\/wp\/v2\/posts"}],"about":[{"href":"https:\/\/elinformante.mx\/index.php?rest_route=\/wp\/v2\/types\/post"}],"author":[{"embeddable":true,"href":"https:\/\/elinformante.mx\/index.php?rest_route=\/wp\/v2\/users\/2"}],"replies":[{"embeddable":true,"href":"https:\/\/elinformante.mx\/index.php?rest_route=%2Fwp%2Fv2%2Fcomments&post=78979"}],"version-history":[{"count":0,"href":"https:\/\/elinformante.mx\/index.php?rest_route=\/wp\/v2\/posts\/78979\/revisions"}],"wp:featuredmedia":[{"embeddable":true,"href":"https:\/\/elinformante.mx\/index.php?rest_route=\/wp\/v2\/media\/78983"}],"wp:attachment":[{"href":"https:\/\/elinformante.mx\/index.php?rest_route=%2Fwp%2Fv2%2Fmedia&parent=78979"}],"wp:term":[{"taxonomy":"category","embeddable":true,"href":"https:\/\/elinformante.mx\/index.php?rest_route=%2Fwp%2Fv2%2Fcategories&post=78979"},{"taxonomy":"post_tag","embeddable":true,"href":"https:\/\/elinformante.mx\/index.php?rest_route=%2Fwp%2Fv2%2Ftags&post=78979"}],"curies":[{"name":"wp","href":"https:\/\/api.w.org\/{rel}","templated":true}]}}