{"id":78980,"date":"2025-03-21T15:05:10","date_gmt":"2025-03-21T21:05:10","guid":{"rendered":"https:\/\/elinformante.mx\/?p=78980"},"modified":"2025-03-21T15:05:12","modified_gmt":"2025-03-21T21:05:12","slug":"declaran-improcedente-desafuero-contra-cuauhtemoc-blanco","status":"publish","type":"post","link":"https:\/\/elinformante.mx\/?p=78980","title":{"rendered":"DECLARAN IMPROCEDENTE DESAFUERO CONTRA CUAUHT\u00c9MOC BLANCO"},"content":{"rendered":"\n<p>La Secci\u00f3n Instructora de la C\u00e1mara de Diputados determin\u00f3 que la solicitud de desafuero de Cuauht\u00e9moc Blanco, diputado de Morena, es improcedente.<\/p>\n\n\n\n<p>El caso por una acusaci\u00f3n de vi0l4ci\u00f3n en grado de tentativa presentada por su media hermana, ser\u00e1 ahora decidido por el pleno de la C\u00e1mara.<br><\/p>\n","protected":false},"excerpt":{"rendered":"<p>La Secci\u00f3n Instructora de la C\u00e1mara de Diputados determin\u00f3 que la solicitud de desafuero de Cuauht\u00e9moc Blanco, diputado de Morena, es improcedente. El caso por una acusaci\u00f3n de vi0l4ci\u00f3n en grado de tentativa presentada por su media hermana, ser\u00e1 ahora decidido por el pleno de la C\u00e1mara.<\/p>\n","protected":false},"author":2,"featured_media":78981,"comment_status":"closed","ping_status":"closed","sticky":false,"template":"","format":"standard","meta":{"footnotes":""},"categories":[34],"tags":[],"class_list":["post-78980","post","type-post","status-publish","format-standard","has-post-thumbnail","hentry","category-nacional"],"_links":{"self":[{"href":"https:\/\/elinformante.mx\/index.php?rest_route=\/wp\/v2\/posts\/78980","targetHints":{"allow":["GET"]}}],"collection":[{"href":"https:\/\/elinformante.mx\/index.php?rest_route=\/wp\/v2\/posts"}],"about":[{"href":"https:\/\/elinformante.mx\/index.php?rest_route=\/wp\/v2\/types\/post"}],"author":[{"embeddable":true,"href":"https:\/\/elinformante.mx\/index.php?rest_route=\/wp\/v2\/users\/2"}],"replies":[{"embeddable":true,"href":"https:\/\/elinformante.mx\/index.php?rest_route=%2Fwp%2Fv2%2Fcomments&post=78980"}],"version-history":[{"count":0,"href":"https:\/\/elinformante.mx\/index.php?rest_route=\/wp\/v2\/posts\/78980\/revisions"}],"wp:featuredmedia":[{"embeddable":true,"href":"https:\/\/elinformante.mx\/index.php?rest_route=\/wp\/v2\/media\/78981"}],"wp:attachment":[{"href":"https:\/\/elinformante.mx\/index.php?rest_route=%2Fwp%2Fv2%2Fmedia&parent=78980"}],"wp:term":[{"taxonomy":"category","embeddable":true,"href":"https:\/\/elinformante.mx\/index.php?rest_route=%2Fwp%2Fv2%2Fcategories&post=78980"},{"taxonomy":"post_tag","embeddable":true,"href":"https:\/\/elinformante.mx\/index.php?rest_route=%2Fwp%2Fv2%2Ftags&post=78980"}],"curies":[{"name":"wp","href":"https:\/\/api.w.org\/{rel}","templated":true}]}}