{"id":79270,"date":"2025-03-26T06:26:16","date_gmt":"2025-03-26T12:26:16","guid":{"rendered":"https:\/\/elinformante.mx\/?p=79270"},"modified":"2025-03-26T06:26:20","modified_gmt":"2025-03-26T12:26:20","slug":"presenta-san-mateo-atenco-la-iniciativa-unidos-por-nuestras-escuelas-70-acciones-por-la-educacion","status":"publish","type":"post","link":"https:\/\/elinformante.mx\/?p=79270","title":{"rendered":"Presenta San Mateo Atenco la iniciativa \u201cUnidos por nuestras escuelas, 70 acciones por la educaci\u00f3n.\u201d"},"content":{"rendered":"\n<figure class=\"wp-block-pullquote\"><blockquote><p>La alcaldesa reafirma con esta iniciativa su compromiso con los estudiantes de tener entornos dignos, saludables, seguros y respetuosos.<\/p><\/blockquote><\/figure>\n\n\n\n<p class=\"has-drop-cap wp-block-paragraph\">Encabez\u00f3 la presidenta municipal de San Mateo Atenco, Ana Mu\u00f1iz Neyra, la presentaci\u00f3n de la iniciativa \u201cUnidos por Nuestras Escuelas, 70 acciones por la educaci\u00f3n\u201d.<br><\/p>\n\n\n\n<p class=\"wp-block-paragraph\">La presidenta reafirm\u00f3 su compromiso de ser el gobierno de la educaci\u00f3n, y brindar a cada estudiante de San Mateo Atenco el respaldo integral que les permita estudiar en entornos dignos, saludables, seguros y respetuosos.<br><\/p>\n\n\n\n<p class=\"wp-block-paragraph\">Durante el acto, estuvieron presentes madres y padres de familia, adem\u00e1s de directivos y docentes de todas las escuelas del municipio, as\u00ed como las personas servidoras p\u00fablicas que fungen como enlaces municipales en cada uno de los 48 centros educativos que operan en San Mateo Atenco.<br><\/p>\n\n\n\n<p class=\"wp-block-paragraph\">Mu\u00f1iz Neyra ratific\u00f3 su compromiso con el mejoramiento de la infraestructura escolar y con la seguridad vial en torno a las escuelas, para lo cual hizo entrega de paquetes de chalecos reflejantes, conos, trafitambos y se\u00f1alamientos a las mesas de padres de familia para cuidar la entrada y salida de las escuelas.<br><\/p>\n\n\n\n<p class=\"wp-block-paragraph\">Destac\u00f3 que el acceso a una educaci\u00f3n inclusiva y de calidad es esencial para el desarrollo del municipio. Adem\u00e1s se\u00f1al\u00f3 que durante los primeros tres a\u00f1os de su administraci\u00f3n se tuvo una inversi\u00f3n hist\u00f3rica de m\u00e1s de 87 millones de pesos destinada a la construcci\u00f3n y renovaci\u00f3n de aulas, explanadas, bardas perimetrales, techumbres y sanitarios en diversas instituciones.<br><\/p>\n\n\n\n<p class=\"wp-block-paragraph\">Resalt\u00f3 la importancia de la seguridad en los entornos escolares, implementando mejoras en alumbrado p\u00fablico, presencia policial en horarios escolares y monitoreo permanente mediante el C4.<br><\/p>\n\n\n\n<p class=\"wp-block-paragraph\">Inform\u00f3 que como apoyo a la educaci\u00f3n superior, se fortaleci\u00f3 la iluminaci\u00f3n y vigilancia en puntos de abordaje de transporte universitario, buscando con estas acciones asegurar el bienestar de los estudiantes que diariamente viajan para continuar con su formaci\u00f3n acad\u00e9mica.<br><\/p>\n\n\n\n<p class=\"wp-block-paragraph\">Explic\u00f3 que su gobierno ha impulsado diversas iniciativas de apoyo a la comunidad estudiantil, tales como becas educativas en modalidades de excelencia acad\u00e9mica, deporte, cultura y apoyo a estudiantes en situaci\u00f3n de vulnerabilidad.<br><\/p>\n\n\n\n<p class=\"wp-block-paragraph\">En los \u00faltimos tres a\u00f1os, se ha hecho entrega de 4,600 becas, con un monto total de 4.6 millones de pesos, adem\u00e1s del compromiso de aumentar este n\u00famero en la actual administraci\u00f3n.<br><\/p>\n\n\n\n<p class=\"wp-block-paragraph\">Neyra Mu\u00f1iz anunci\u00f3 que como parte de la visi\u00f3n de un gobierno cercano y comprometido con la educaci\u00f3n se dar\u00e1 continuidad a los enlaces del gobierno municipal en cada escuela, para atender de manera oportuna las necesidades de la comunidad educativa.<br><\/p>\n\n\n\n<p class=\"wp-block-paragraph\">Se pondr\u00e1n en marcha \u206070 acciones por la educaci\u00f3n, como obras p\u00fablicas de mejora y dignificaci\u00f3n de los espacios escolares.<br><\/p>\n\n\n\n<p class=\"wp-block-paragraph\">Adem\u00e1s de garantizar el acceso al agua potable en todas las escuelas del municipio; se buscar\u00e1 brindar servicios p\u00fablicos de calidad en las escuelas, incluyendo mantenimiento, limpieza y alumbrado.<br><\/p>\n\n\n\n<p class=\"wp-block-paragraph\">Un punto m\u00e1s es el fortalecimiento de la seguridad escolar, con apoyo de la Direcci\u00f3n de Seguridad Humana, Orden Vial y Protecci\u00f3n Civil.<br><\/p>\n\n\n\n<p class=\"wp-block-paragraph\">En las escuelas se promover\u00e1n las actividades c\u00edvicas y culturales, reforzando la identidad y participaci\u00f3n comunitaria; adem\u00e1s de fomentar acciones para la prevenci\u00f3n y atenci\u00f3n de problem\u00e1ticas estudiantiles, mediante programas especializados en colaboraci\u00f3n con diversas \u00e1reas del gobierno municipal.<br><\/p>\n\n\n\n<p class=\"wp-block-paragraph\">La presidenta municipal reiter\u00f3 su disposici\u00f3n de trabajar de la mano con el gobierno estatal y federal para consolidar una educaci\u00f3n de calidad en San Mateo Atenco.<\/p>\n","protected":false},"excerpt":{"rendered":"<p>La alcaldesa reafirma con esta iniciativa su compromiso con los estudiantes de tener entornos dignos, saludables, seguros y respetuosos. Encabez\u00f3 la presidenta municipal de San Mateo Atenco, Ana Mu\u00f1iz Neyra, la presentaci\u00f3n de la iniciativa \u201cUnidos por Nuestras Escuelas, 70 acciones por la educaci\u00f3n\u201d. La presidenta reafirm\u00f3 su compromiso de ser el gobierno de la [&hellip;]<\/p>\n","protected":false},"author":1,"featured_media":79271,"comment_status":"closed","ping_status":"closed","sticky":false,"template":"","format":"standard","meta":{"footnotes":""},"categories":[30,36],"tags":[],"class_list":["post-79270","post","type-post","status-publish","format-standard","has-post-thumbnail","hentry","category-destacado","category-edomex"],"_links":{"self":[{"href":"https:\/\/elinformante.mx\/index.php?rest_route=\/wp\/v2\/posts\/79270","targetHints":{"allow":["GET"]}}],"collection":[{"href":"https:\/\/elinformante.mx\/index.php?rest_route=\/wp\/v2\/posts"}],"about":[{"href":"https:\/\/elinformante.mx\/index.php?rest_route=\/wp\/v2\/types\/post"}],"author":[{"embeddable":true,"href":"https:\/\/elinformante.mx\/index.php?rest_route=\/wp\/v2\/users\/1"}],"replies":[{"embeddable":true,"href":"https:\/\/elinformante.mx\/index.php?rest_route=%2Fwp%2Fv2%2Fcomments&post=79270"}],"version-history":[{"count":0,"href":"https:\/\/elinformante.mx\/index.php?rest_route=\/wp\/v2\/posts\/79270\/revisions"}],"wp:featuredmedia":[{"embeddable":true,"href":"https:\/\/elinformante.mx\/index.php?rest_route=\/wp\/v2\/media\/79271"}],"wp:attachment":[{"href":"https:\/\/elinformante.mx\/index.php?rest_route=%2Fwp%2Fv2%2Fmedia&parent=79270"}],"wp:term":[{"taxonomy":"category","embeddable":true,"href":"https:\/\/elinformante.mx\/index.php?rest_route=%2Fwp%2Fv2%2Fcategories&post=79270"},{"taxonomy":"post_tag","embeddable":true,"href":"https:\/\/elinformante.mx\/index.php?rest_route=%2Fwp%2Fv2%2Ftags&post=79270"}],"curies":[{"name":"wp","href":"https:\/\/api.w.org\/{rel}","templated":true}]}}