{"id":79379,"date":"2025-03-27T06:22:22","date_gmt":"2025-03-27T12:22:22","guid":{"rendered":"https:\/\/elinformante.mx\/?p=79379"},"modified":"2025-03-27T06:22:24","modified_gmt":"2025-03-27T12:22:24","slug":"pjedomex-reitera-su-compromiso-a-favor-de-una-justicia-cercana-y-humanista","status":"publish","type":"post","link":"https:\/\/elinformante.mx\/?p=79379","title":{"rendered":"PJEdom\u00e9x reitera su compromiso a favor de una justicia cercana y humanista"},"content":{"rendered":"\n<figure class=\"wp-block-pullquote\"><blockquote><p>En Sesi\u00f3n Extraordinaria del Consejo de la Judicatura, se abordaron puntos relacionados a la gesti\u00f3n administrativa de la instituci\u00f3n y a los procesos formativos de las personas servidoras judiciales.<\/p><\/blockquote><\/figure>\n\n\n\n<p class=\"has-drop-cap\">Atendiendo la obligaci\u00f3n que le confiere la Ley Org\u00e1nica del Poder Judicial del Estado de M\u00e9xico, durante la Sesi\u00f3n Extraordinaria del Consejo de la Judicatura.<br><\/p>\n\n\n\n<p>En ella, se desahogaron puntos que ata\u00f1en a la gesti\u00f3n administrativa de este Poder, as\u00ed como al robustecimiento de la formaci\u00f3n de las personas servidoras judiciales, quienes son el baluarte de calidad, calidez, empat\u00eda e integridad con las que d\u00eda a d\u00eda atendemos a cada uno de nuestras usuarias y usuarios.<br><\/p>\n\n\n\n<p>De esta forma, el Poder Judicial del Estado de M\u00e9xico reitera su absoluto compromiso y dedicaci\u00f3n en favor de un sistema de justicia eficaz, cercano, humanista, austero y sensible a las necesidades de los sectores m\u00e1s vulnerables de la Entidad.<\/p>\n","protected":false},"excerpt":{"rendered":"<p>En Sesi\u00f3n Extraordinaria del Consejo de la Judicatura, se abordaron puntos relacionados a la gesti\u00f3n administrativa de la instituci\u00f3n y a los procesos formativos de las personas servidoras judiciales. Atendiendo la obligaci\u00f3n que le confiere la Ley Org\u00e1nica del Poder Judicial del Estado de M\u00e9xico, durante la Sesi\u00f3n Extraordinaria del Consejo de la Judicatura. En [&hellip;]<\/p>\n","protected":false},"author":1,"featured_media":79380,"comment_status":"closed","ping_status":"closed","sticky":false,"template":"","format":"standard","meta":{"footnotes":""},"categories":[36],"tags":[],"class_list":["post-79379","post","type-post","status-publish","format-standard","has-post-thumbnail","hentry","category-edomex"],"_links":{"self":[{"href":"https:\/\/elinformante.mx\/index.php?rest_route=\/wp\/v2\/posts\/79379","targetHints":{"allow":["GET"]}}],"collection":[{"href":"https:\/\/elinformante.mx\/index.php?rest_route=\/wp\/v2\/posts"}],"about":[{"href":"https:\/\/elinformante.mx\/index.php?rest_route=\/wp\/v2\/types\/post"}],"author":[{"embeddable":true,"href":"https:\/\/elinformante.mx\/index.php?rest_route=\/wp\/v2\/users\/1"}],"replies":[{"embeddable":true,"href":"https:\/\/elinformante.mx\/index.php?rest_route=%2Fwp%2Fv2%2Fcomments&post=79379"}],"version-history":[{"count":0,"href":"https:\/\/elinformante.mx\/index.php?rest_route=\/wp\/v2\/posts\/79379\/revisions"}],"wp:featuredmedia":[{"embeddable":true,"href":"https:\/\/elinformante.mx\/index.php?rest_route=\/wp\/v2\/media\/79380"}],"wp:attachment":[{"href":"https:\/\/elinformante.mx\/index.php?rest_route=%2Fwp%2Fv2%2Fmedia&parent=79379"}],"wp:term":[{"taxonomy":"category","embeddable":true,"href":"https:\/\/elinformante.mx\/index.php?rest_route=%2Fwp%2Fv2%2Fcategories&post=79379"},{"taxonomy":"post_tag","embeddable":true,"href":"https:\/\/elinformante.mx\/index.php?rest_route=%2Fwp%2Fv2%2Ftags&post=79379"}],"curies":[{"name":"wp","href":"https:\/\/api.w.org\/{rel}","templated":true}]}}