{"id":79412,"date":"2025-03-27T07:14:16","date_gmt":"2025-03-27T13:14:16","guid":{"rendered":"https:\/\/elinformante.mx\/?p=79412"},"modified":"2025-03-27T07:14:18","modified_gmt":"2025-03-27T13:14:18","slug":"respalda-tepjf-ampliacion-de-poderes-de-guadalupe-taddei-en-el-ine","status":"publish","type":"post","link":"https:\/\/elinformante.mx\/?p=79412","title":{"rendered":"Respalda TEPJF ampliaci\u00f3n de poderes de Guadalupe Taddei en el INE"},"content":{"rendered":"\n<figure class=\"wp-block-pullquote\"><blockquote><p>Seis consejeros, incluyendo Mart\u00edn Faz, combatieron en bloque esta reforma.<\/p><\/blockquote><\/figure>\n\n\n\n<p class=\"has-drop-cap\">La presidenta del Instituto Nacional Electoral (INE), Guadalupe Taddei Zavala, obtuvo el apoyo de la Sala Superior del Tribunal Electoral del Poder Judicial de la Federaci\u00f3n (TEPJF) en su disputa contra el grupo de seis consejeros que cuestiona la ampliaci\u00f3n de sus poderes impulsada por Morena, partido al que ella y su familia est\u00e1n vinculados.<br><\/p>\n\n\n\n<p>Con una resoluci\u00f3n aprobatoria por mayor\u00eda, fue validada por los magistrados de la Sala Superior del TEPJF la decisi\u00f3n de Taddei de nombrar a Jos\u00e9 Luis Ar\u00e9valo Romo al frente de la Unidad T\u00e9cnica de Transparencia y Protecci\u00f3n de Datos Personales, sin consultar a los otros 10 integrantes del Consejo General.<br><\/p>\n\n\n\n<p>Plante\u00f3 que la colegialidad del Consejo General del INE no se traduce en un derecho adquirido de sus integrantes y resalt\u00f3 que la Constituci\u00f3n general no establece la forma en que el INE debe designar a las personas titulares de las \u00e1reas t\u00e9cnicas y operativas.<br><\/p>\n\n\n\n<p>Mart\u00edn Faz Mora present\u00f3 una impugnaci\u00f3n contra la designaci\u00f3n de Romo. En los cinco puntos de su escrito, aleg\u00f3 que Taddei debi\u00f3 buscar el consenso del cuerpo colegiado para proceder a la designaci\u00f3n pues de otro modo vulnerar\u00eda \u201cla autonom\u00eda del INE as\u00ed como la independencia de sus decisiones. Felipe Alfredo Fuentes Barrera, fue el encargado de elaborar la resoluci\u00f3n de la Sala Superior del TEPJF<br><\/p>\n\n\n\n<p>La impugnaci\u00f3n lleg\u00f3 en un contexto de ruptura que impera en el INE desde que Morena aprob\u00f3 una reforma que concentraba nuevos poderes en la presidencia del INE, incluyendo el nombramiento de los directores ejecutivos y los titulares de las \u00e1reas t\u00e9cnicas del organismo, y aumentaba las facultades de la Junta General Ejecutiva, instancia bajo el mando de Taddei.<br><\/p>\n\n\n\n<p>Seis consejeros, incluyendo Mart\u00edn Faz, combatieron en bloque esta reforma, a la que acusaron de mermar el trabajo colegiado que es una directriz para el funcionamiento del instituto.<\/p>\n","protected":false},"excerpt":{"rendered":"<p>Seis consejeros, incluyendo Mart\u00edn Faz, combatieron en bloque esta reforma. La presidenta del Instituto Nacional Electoral (INE), Guadalupe Taddei Zavala, obtuvo el apoyo de la Sala Superior del Tribunal Electoral del Poder Judicial de la Federaci\u00f3n (TEPJF) en su disputa contra el grupo de seis consejeros que cuestiona la ampliaci\u00f3n de sus poderes impulsada por [&hellip;]<\/p>\n","protected":false},"author":1,"featured_media":79413,"comment_status":"closed","ping_status":"closed","sticky":false,"template":"","format":"standard","meta":{"footnotes":""},"categories":[34],"tags":[],"class_list":["post-79412","post","type-post","status-publish","format-standard","has-post-thumbnail","hentry","category-nacional"],"_links":{"self":[{"href":"https:\/\/elinformante.mx\/index.php?rest_route=\/wp\/v2\/posts\/79412","targetHints":{"allow":["GET"]}}],"collection":[{"href":"https:\/\/elinformante.mx\/index.php?rest_route=\/wp\/v2\/posts"}],"about":[{"href":"https:\/\/elinformante.mx\/index.php?rest_route=\/wp\/v2\/types\/post"}],"author":[{"embeddable":true,"href":"https:\/\/elinformante.mx\/index.php?rest_route=\/wp\/v2\/users\/1"}],"replies":[{"embeddable":true,"href":"https:\/\/elinformante.mx\/index.php?rest_route=%2Fwp%2Fv2%2Fcomments&post=79412"}],"version-history":[{"count":0,"href":"https:\/\/elinformante.mx\/index.php?rest_route=\/wp\/v2\/posts\/79412\/revisions"}],"wp:featuredmedia":[{"embeddable":true,"href":"https:\/\/elinformante.mx\/index.php?rest_route=\/wp\/v2\/media\/79413"}],"wp:attachment":[{"href":"https:\/\/elinformante.mx\/index.php?rest_route=%2Fwp%2Fv2%2Fmedia&parent=79412"}],"wp:term":[{"taxonomy":"category","embeddable":true,"href":"https:\/\/elinformante.mx\/index.php?rest_route=%2Fwp%2Fv2%2Fcategories&post=79412"},{"taxonomy":"post_tag","embeddable":true,"href":"https:\/\/elinformante.mx\/index.php?rest_route=%2Fwp%2Fv2%2Ftags&post=79412"}],"curies":[{"name":"wp","href":"https:\/\/api.w.org\/{rel}","templated":true}]}}