{"id":79415,"date":"2025-03-27T07:16:06","date_gmt":"2025-03-27T13:16:06","guid":{"rendered":"https:\/\/elinformante.mx\/?p=79415"},"modified":"2025-03-27T07:16:09","modified_gmt":"2025-03-27T13:16:09","slug":"pide-segob-a-empresarios-apoyar-plenamente-el-plan-mexico-ante-aranceles","status":"publish","type":"post","link":"https:\/\/elinformante.mx\/?p=79415","title":{"rendered":"Pide Segob a empresarios apoyar plenamente el \u201cPlan M\u00e9xico\u201d ante aranceles"},"content":{"rendered":"\n<figure class=\"wp-block-pullquote\"><blockquote><p>Rosa Icela Rodr\u00edguez agradeci\u00f3 todo el apoyo que ha dado el sector empresarial a los mexicanos repatriados.<\/p><\/blockquote><\/figure>\n\n\n\n<p class=\"has-drop-cap\">La secretaria de Gobernaci\u00f3n, Rosa Icela Rodr\u00edguez, conmin\u00f3 e hizo un llamado a los empresarios de la Concanaco a continuar con el Plan M\u00e9xico y fortalecer el mercado interno.<br><\/p>\n\n\n\n<p>La funcionaria agradeci\u00f3 a los empresarios su apoyo para dar empleo a los mexicanos repatriados, como parte de la pol\u00edtica migratoria de Estados Unidos.<br><\/p>\n\n\n\n<p>Fue durante el marco de la Asamblea General extraordinaria de la Concanaco Servytur, la funcionaria pidi\u00f3 el respaldo de los empresarios para enfrentar la coyuntura.<br><\/p>\n\n\n\n<figure class=\"wp-block-image size-large\"><img fetchpriority=\"high\" decoding=\"async\" width=\"1024\" height=\"506\" src=\"https:\/\/elinformante.mx\/wp-content\/uploads\/2025\/03\/3rosa-2-1024x506.jpg\" alt=\"\" class=\"wp-image-79417\" srcset=\"https:\/\/elinformante.mx\/wp-content\/uploads\/2025\/03\/3rosa-2-1024x506.jpg 1024w, https:\/\/elinformante.mx\/wp-content\/uploads\/2025\/03\/3rosa-2-300x148.jpg 300w, https:\/\/elinformante.mx\/wp-content\/uploads\/2025\/03\/3rosa-2-768x379.jpg 768w, https:\/\/elinformante.mx\/wp-content\/uploads\/2025\/03\/3rosa-2.jpg 1140w\" sizes=\"(max-width: 1024px) 100vw, 1024px\" \/><\/figure>\n\n\n\n<p>\u201cAnte el contexto econ\u00f3mico internacional es importante continuar con el Plan M\u00e9xico para fortalecer al mercado nacional a trav\u00e9s de sus polos de bienestar, la industria textil, farmac\u00e9utica, automotriz, qu\u00edmica, agroindustrial, y muchas otras en las que ustedes participan y tambi\u00e9n, en todo el comercio del pa\u00eds\u201d.<br><\/p>\n\n\n\n<p>Rodr\u00edguez se\u00f1al\u00f3 que frente al desaf\u00edo de estos tiempos: \u201cMi deseo es que prevalezca la confianza entre empresarios y gobiernos, nada debe estar por encima del bienestar de mexicanas y mexicanos trabajando juntos para mantener la unidad y la grandeza de nuestro pa\u00eds. Cada uno hacemos nuestra parte\u201d.<br><\/p>\n\n\n\n<p>La titular de Gobernaci\u00f3n asegur\u00f3 que M\u00e9xico seguir\u00e1 creciendo econ\u00f3micamente y tendr\u00e1 una sociedad m\u00e1s justa y pr\u00f3spera.<br><\/p>\n\n\n\n<p>Reconoci\u00f3 sus aportaciones al generar m\u00e1s de 40 millones de fuentes de trabajo en sus empresas, pero tambi\u00e9n su nobleza y solidaridad, al emplear a nuestras hermanas y hermanos repatriados. \u201cTengan la seguridad de que la naci\u00f3n les retribuir\u00e1 el apoyo desinteresado que han brindado en materia de empleo y econom\u00eda circular\u201d, apunt\u00f3.<\/p>\n","protected":false},"excerpt":{"rendered":"<p>Rosa Icela Rodr\u00edguez agradeci\u00f3 todo el apoyo que ha dado el sector empresarial a los mexicanos repatriados. La secretaria de Gobernaci\u00f3n, Rosa Icela Rodr\u00edguez, conmin\u00f3 e hizo un llamado a los empresarios de la Concanaco a continuar con el Plan M\u00e9xico y fortalecer el mercado interno. La funcionaria agradeci\u00f3 a los empresarios su apoyo para [&hellip;]<\/p>\n","protected":false},"author":1,"featured_media":79416,"comment_status":"closed","ping_status":"closed","sticky":false,"template":"","format":"standard","meta":{"footnotes":""},"categories":[30,34],"tags":[],"class_list":["post-79415","post","type-post","status-publish","format-standard","has-post-thumbnail","hentry","category-destacado","category-nacional"],"_links":{"self":[{"href":"https:\/\/elinformante.mx\/index.php?rest_route=\/wp\/v2\/posts\/79415","targetHints":{"allow":["GET"]}}],"collection":[{"href":"https:\/\/elinformante.mx\/index.php?rest_route=\/wp\/v2\/posts"}],"about":[{"href":"https:\/\/elinformante.mx\/index.php?rest_route=\/wp\/v2\/types\/post"}],"author":[{"embeddable":true,"href":"https:\/\/elinformante.mx\/index.php?rest_route=\/wp\/v2\/users\/1"}],"replies":[{"embeddable":true,"href":"https:\/\/elinformante.mx\/index.php?rest_route=%2Fwp%2Fv2%2Fcomments&post=79415"}],"version-history":[{"count":0,"href":"https:\/\/elinformante.mx\/index.php?rest_route=\/wp\/v2\/posts\/79415\/revisions"}],"wp:featuredmedia":[{"embeddable":true,"href":"https:\/\/elinformante.mx\/index.php?rest_route=\/wp\/v2\/media\/79416"}],"wp:attachment":[{"href":"https:\/\/elinformante.mx\/index.php?rest_route=%2Fwp%2Fv2%2Fmedia&parent=79415"}],"wp:term":[{"taxonomy":"category","embeddable":true,"href":"https:\/\/elinformante.mx\/index.php?rest_route=%2Fwp%2Fv2%2Fcategories&post=79415"},{"taxonomy":"post_tag","embeddable":true,"href":"https:\/\/elinformante.mx\/index.php?rest_route=%2Fwp%2Fv2%2Ftags&post=79415"}],"curies":[{"name":"wp","href":"https:\/\/api.w.org\/{rel}","templated":true}]}}