{"id":79445,"date":"2025-03-27T16:24:53","date_gmt":"2025-03-27T22:24:53","guid":{"rendered":"https:\/\/elinformante.mx\/?p=79445"},"modified":"2025-03-27T16:24:58","modified_gmt":"2025-03-27T22:24:58","slug":"sheinbaum-asegura-que-siempre-va-a-proteger-al-pais","status":"publish","type":"post","link":"https:\/\/elinformante.mx\/?p=79445","title":{"rendered":"SHEINBAUM ASEGURA QUE SIEMPRE VA A PROTEGER AL PA\u00cdS"},"content":{"rendered":"\n<p>&nbsp;Ante el tema de los aranceles impuestos por EU, la presidenta de M\u00e9xico,&nbsp;<\/p>\n\n\n\n<p>Claudia Sheinbaum Pardo, asegur\u00f3 que siempre se va a proteger al pa\u00eds, a los empleos y a las empresas mexicanas.<\/p>\n","protected":false},"excerpt":{"rendered":"<p>&nbsp;Ante el tema de los aranceles impuestos por EU, la presidenta de M\u00e9xico,&nbsp; Claudia Sheinbaum Pardo, asegur\u00f3 que siempre se va a proteger al pa\u00eds, a los empleos y a las empresas mexicanas.<\/p>\n","protected":false},"author":2,"featured_media":79446,"comment_status":"closed","ping_status":"closed","sticky":false,"template":"","format":"standard","meta":{"footnotes":""},"categories":[34],"tags":[],"class_list":["post-79445","post","type-post","status-publish","format-standard","has-post-thumbnail","hentry","category-nacional"],"_links":{"self":[{"href":"https:\/\/elinformante.mx\/index.php?rest_route=\/wp\/v2\/posts\/79445","targetHints":{"allow":["GET"]}}],"collection":[{"href":"https:\/\/elinformante.mx\/index.php?rest_route=\/wp\/v2\/posts"}],"about":[{"href":"https:\/\/elinformante.mx\/index.php?rest_route=\/wp\/v2\/types\/post"}],"author":[{"embeddable":true,"href":"https:\/\/elinformante.mx\/index.php?rest_route=\/wp\/v2\/users\/2"}],"replies":[{"embeddable":true,"href":"https:\/\/elinformante.mx\/index.php?rest_route=%2Fwp%2Fv2%2Fcomments&post=79445"}],"version-history":[{"count":0,"href":"https:\/\/elinformante.mx\/index.php?rest_route=\/wp\/v2\/posts\/79445\/revisions"}],"wp:featuredmedia":[{"embeddable":true,"href":"https:\/\/elinformante.mx\/index.php?rest_route=\/wp\/v2\/media\/79446"}],"wp:attachment":[{"href":"https:\/\/elinformante.mx\/index.php?rest_route=%2Fwp%2Fv2%2Fmedia&parent=79445"}],"wp:term":[{"taxonomy":"category","embeddable":true,"href":"https:\/\/elinformante.mx\/index.php?rest_route=%2Fwp%2Fv2%2Fcategories&post=79445"},{"taxonomy":"post_tag","embeddable":true,"href":"https:\/\/elinformante.mx\/index.php?rest_route=%2Fwp%2Fv2%2Ftags&post=79445"}],"curies":[{"name":"wp","href":"https:\/\/api.w.org\/{rel}","templated":true}]}}